{"id":227926,"date":"2022-11-02T20:00:00","date_gmt":"2022-11-02T20:00:00","guid":{"rendered":"https:\/\/saraburguet.com\/dolor-de-cabeza-de-origen-cervical-cefalea-cervicogenica\/"},"modified":"2026-03-16T13:31:33","modified_gmt":"2026-03-16T13:31:33","slug":"dolor-de-cabeza-de-origen-cervical-cefalea-cervicogenica","status":"publish","type":"post","link":"https:\/\/saraburguet.com\/fr\/dolor-de-cabeza-de-origen-cervical-cefalea-cervicogenica\/","title":{"rendered":"Dolor de cabeza de origen cervical ( Cefalea Cervicog\u00e9nica)"},"content":{"rendered":"\n<p>La c\u00e9phal\u00e9e ou mal de t\u00eate est un sympt\u00f4me tr\u00e8s fr\u00e9quent que nous avons tous connu au moins une fois. Parfois, le mal de t\u00eate appara\u00eet en m\u00eame temps que la douleur cervicale et mes patients me consultent \u00e0 ce sujet, ils associent eux-m\u00eames une douleur \u00e0 l&rsquo;autre mais, ont-ils toujours un lien entre eux ? Ont-ils une cause commune ou s&rsquo;agit-il de deux douleurs diff\u00e9rentes ? Eh bien, parfois oui et parfois non&#8230;<\/p>\n\n<p class=\"has-light-green-cyan-background-color has-background\">Le facteur toujours associ\u00e9 \u00e0 la fois \u00e0 la c\u00e9phal\u00e9e et \u00e0 la douleur cervicale et qui accentue leurs \u00e9pisodes est le STRESS.<\/p>\n\n<p>Je vais distinguer ci-dessous trois types fr\u00e9quents de maux de t\u00eate. Je tiens \u00e0 pr\u00e9ciser que cette description est g\u00e9n\u00e9rique et ne constitue pas un diagnostic d\u00e9finitif, ni ne remplace la consultation chez le neurologue :<\/p>\n\n<ol class=\"wp-block-list\"><li><strong>C\u00e9phal\u00e9e de tension<\/strong> : elle se caract\u00e9rise par une douleur oppressive (comme si l&rsquo;on vous pressait) des deux c\u00f4t\u00e9s de la t\u00eate et qui peut irradier vers la nuque et les \u00e9paules. Elle est fortement associ\u00e9e au stress, \u00e0 l&rsquo;exc\u00e8s de travail, aux \u00e9tats d&rsquo;anxi\u00e9t\u00e9, aux mauvaises habitudes de vie et \u00e0 un repos nocturne inad\u00e9quat. Il s&rsquo;agit g\u00e9n\u00e9ralement d&rsquo;une douleur qui, bien que g\u00eanante, permet de r\u00e9aliser les activit\u00e9s quotidiennes et s&rsquo;am\u00e9liore avec du parac\u00e9tamol ou de l&rsquo;ibuprof\u00e8ne et du repos.<\/li><\/ol>\n\n<ol class=\"wp-block-list\" start=\"2\"><li><strong>Migraine<\/strong> : la douleur va g\u00e9n\u00e9ralement de la partie ant\u00e9rieure du cr\u00e2ne \u00e0 la partie post\u00e9rieure, elle est souvent pulsatile et d&rsquo;un seul c\u00f4t\u00e9 du cr\u00e2ne (bien qu&rsquo;elle puisse changer de c\u00f4t\u00e9), et peut s&rsquo;accompagner de sympt\u00f4mes tels que naus\u00e9es, g\u00eane \u00e0 la lumi\u00e8re et au bruit. La migraine interf\u00e8re fortement avec les activit\u00e9s de l&rsquo;individu et peut \u00eatre tr\u00e8s invalidante. La douleur au cou peut \u00eatre un prodrome (annoncer la crise de migraine), peut appara\u00eetre pendant la crise ou apr\u00e8s. <\/li><\/ol>\n\n<ol class=\"wp-block-list\" start=\"3\"><li><strong>C\u00e9phal\u00e9e cervicog\u00e9nique<\/strong> : il s&rsquo;agit d&rsquo;une douleur dans la zone post\u00e9rieure du cou et du cr\u00e2ne, provenant des premi\u00e8res vert\u00e8bres cervicales. Son origine est l&rsquo;inflammation des structures du cou (ligaments, muscles, articulations zygapophysaires), elle appara\u00eet de mani\u00e8re fixe d&rsquo;un c\u00f4t\u00e9 du cr\u00e2ne et irradie g\u00e9n\u00e9ralement de la zone post\u00e9rieure vers la zone ant\u00e9rieure. Le mal de t\u00eate s&rsquo;accompagne d&rsquo;une diminution de la mobilit\u00e9 cervicale et s&rsquo;aggrave parfois avec certains mouvements du cou. <\/li><\/ol>\n\n<p>Le diagnostic de c\u00e9phal\u00e9e cervicog\u00e9nique, comme nous l&rsquo;avons mentionn\u00e9 pour les vertiges cervicog\u00e9niques, est un diagnostic d&rsquo;exclusion, c&rsquo;est-\u00e0-dire qu&rsquo;il faut d&rsquo;abord \u00e9carter d&rsquo;autres causes de maux de t\u00eate lors d&rsquo;une consultation chez le sp\u00e9cialiste qui, dans ce cas, est le neurologue. De plus, pour que le mal de t\u00eate soit consid\u00e9r\u00e9 comme d&rsquo;origine cervicale, il doit appara\u00eetre en m\u00eame temps que la douleur au cou. <\/p>\n\n<p>TRAITEMENT DE LA C\u00c9PHAL\u00c9E CERVICOG\u00c9NIQUE<\/p>\n\n<p>Une fois \u00e9cart\u00e9e l&rsquo;existence d&rsquo;une compression neurologique ou d&rsquo;une instabilit\u00e9 cervicale, ou d&rsquo;une l\u00e9sion cervicale importante comme cause, le traitement est g\u00e9n\u00e9ralement conservateur avec :<\/p>\n\n<ul class=\"wp-block-list\"><li>Massages<\/li><li>Compresses froides<\/li><li>Exercices de correction posturale du cou<\/li><li>TENS<\/li><li>Anti-inflammatoires<\/li><\/ul>\n\n<p>Si la douleur ne r\u00e9pond pas \u00e0 ce qui pr\u00e9c\u00e8de, des techniques MIS pratiquons-nous peuvent \u00eatre r\u00e9alis\u00e9es, telles que des blocages facettaires et des blocages du nerf occipital, et dans les cas r\u00e9cidivants, une radiofr\u00e9quence facettaire cervicale. <\/p>\n\n<p>Je vous laisse une vid\u00e9o avec trois exercices simples pour corriger la posture cervicale :<\/p>\n\n<figure class=\"wp-block-embed is-type-video is-provider-youtube wp-block-embed-youtube wp-embed-aspect-16-9 wp-has-aspect-ratio\"><div class=\"wp-block-embed__wrapper\">\n<iframe loading=\"lazy\" title=\"3 EJERCICIOS para corregir la CABEZA ADELANTADA\" width=\"1080\" height=\"608\" src=\"https:\/\/www.youtube.com\/embed\/qdWt98_dnbI?feature=oembed\"  allow=\"accelerometer; autoplay; clipboard-write; encrypted-media; gyroscope; picture-in-picture; web-share\" referrerpolicy=\"strict-origin-when-cross-origin\" allowfullscreen><\/iframe>\n<\/div><\/figure>\n\n<p>Occipital neuralgia and cervicogenic headache: diagnosis and management. Current neurology and neuroscience report ( 2019) <\/p>\n","protected":false},"excerpt":{"rendered":"<p>La c\u00e9phal\u00e9e ou mal de t\u00eate est un sympt\u00f4me tr\u00e8s fr\u00e9quent que nous avons tous connu au moins une fois. Parfois, le mal de t\u00eate appara\u00eet en m\u00eame temps que la douleur cervicale et mes patients me consultent \u00e0 ce sujet, ils associent eux-m\u00eames une douleur \u00e0 l&rsquo;autre mais, ont-ils toujours un lien entre eux [&hellip;]<\/p>\n","protected":false},"author":1,"featured_media":227877,"comment_status":"closed","ping_status":"closed","sticky":false,"template":"","format":"standard","meta":{"_et_pb_use_builder":"","_et_pb_old_content":"","_et_gb_content_width":"","_jetpack_memberships_contains_paid_content":false,"footnotes":"","jetpack_publicize_message":"","jetpack_publicize_feature_enabled":true,"jetpack_social_post_already_shared":true,"jetpack_social_options":{"image_generator_settings":{"template":"highway","default_image_id":0,"font":"","enabled":false},"version":2}},"categories":[155],"tags":[182,216,222,343,358],"class_list":["post-227926","post","type-post","status-publish","format-standard","has-post-thumbnail","hentry","category-zone-cervicale","tag-cephalee","tag-colonne-cervicale","tag-conseils","tag-prevention","tag-sante-de-la-colonne"],"yoast_head":"<!-- This site is optimized with the Yoast SEO plugin v27.1.1 - https:\/\/yoast.com\/product\/yoast-seo-wordpress\/ -->\n<title>Dolor de cabeza de origen cervical ( Cefalea Cervicog\u00e9nica) - Dr Sara Burguet. Chirurgie de la colonne vert\u00e9brale<\/title>\n<meta name=\"robots\" content=\"index, follow, max-snippet:-1, max-image-preview:large, max-video-preview:-1\" \/>\n<link rel=\"canonical\" href=\"https:\/\/saraburguet.com\/fr\/dolor-de-cabeza-de-origen-cervical-cefalea-cervicogenica\/\" \/>\n<meta property=\"og:locale\" content=\"fr_FR\" \/>\n<meta property=\"og:type\" content=\"article\" \/>\n<meta property=\"og:title\" content=\"Dolor de cabeza de origen cervical ( Cefalea Cervicog\u00e9nica) - Dr Sara Burguet. Chirurgie de la colonne vert\u00e9brale\" \/>\n<meta property=\"og:description\" content=\"La c\u00e9phal\u00e9e ou mal de t\u00eate est un sympt\u00f4me tr\u00e8s fr\u00e9quent que nous avons tous connu au moins une fois. Parfois, le mal de t\u00eate appara\u00eet en m\u00eame temps que la douleur cervicale et mes patients me consultent \u00e0 ce sujet, ils associent eux-m\u00eames une douleur \u00e0 l&rsquo;autre mais, ont-ils toujours un lien entre eux [&hellip;]\" \/>\n<meta property=\"og:url\" content=\"https:\/\/saraburguet.com\/fr\/dolor-de-cabeza-de-origen-cervical-cefalea-cervicogenica\/\" \/>\n<meta property=\"og:site_name\" content=\"Dr Sara Burguet. Chirurgie de la colonne vert\u00e9brale\" \/>\n<meta property=\"article:published_time\" content=\"2022-11-02T20:00:00+00:00\" \/>\n<meta property=\"article:modified_time\" content=\"2026-03-16T13:31:33+00:00\" \/>\n<meta property=\"og:image\" content=\"https:\/\/saraburguet.com\/wp-content\/uploads\/2022\/11\/las-cervicales-producen-dolor-de-cabeza-2.jpeg\" \/>\n\t<meta property=\"og:image:width\" content=\"275\" \/>\n\t<meta property=\"og:image:height\" content=\"183\" \/>\n\t<meta property=\"og:image:type\" content=\"image\/jpeg\" \/>\n<meta name=\"author\" content=\"admin\" \/>\n<meta name=\"twitter:card\" content=\"summary_large_image\" \/>\n<meta name=\"twitter:label1\" content=\"\u00c9crit par\" \/>\n\t<meta name=\"twitter:data1\" content=\"admin\" \/>\n\t<meta name=\"twitter:label2\" content=\"Dur\u00e9e de lecture estim\u00e9e\" \/>\n\t<meta name=\"twitter:data2\" content=\"3 minutes\" \/>\n<script type=\"application\/ld+json\" class=\"yoast-schema-graph\">{\"@context\":\"https:\/\/schema.org\",\"@graph\":[{\"@type\":\"Article\",\"@id\":\"https:\/\/saraburguet.com\/fr\/dolor-de-cabeza-de-origen-cervical-cefalea-cervicogenica\/#article\",\"isPartOf\":{\"@id\":\"https:\/\/saraburguet.com\/fr\/dolor-de-cabeza-de-origen-cervical-cefalea-cervicogenica\/\"},\"author\":{\"name\":\"admin\",\"@id\":\"https:\/\/saraburguet.com\/fr\/#\/schema\/person\/e44a1944f6b3cc5494e6aa6a28a23ed2\"},\"headline\":\"Dolor de cabeza de origen cervical ( Cefalea Cervicog\u00e9nica)\",\"datePublished\":\"2022-11-02T20:00:00+00:00\",\"dateModified\":\"2026-03-16T13:31:33+00:00\",\"mainEntityOfPage\":{\"@id\":\"https:\/\/saraburguet.com\/fr\/dolor-de-cabeza-de-origen-cervical-cefalea-cervicogenica\/\"},\"wordCount\":630,\"publisher\":{\"@id\":\"https:\/\/saraburguet.com\/fr\/#\/schema\/person\/e44a1944f6b3cc5494e6aa6a28a23ed2\"},\"image\":{\"@id\":\"https:\/\/saraburguet.com\/fr\/dolor-de-cabeza-de-origen-cervical-cefalea-cervicogenica\/#primaryimage\"},\"thumbnailUrl\":\"https:\/\/saraburguet.com\/wp-content\/uploads\/2022\/11\/las-cervicales-producen-dolor-de-cabeza-2.jpeg\",\"keywords\":[\"C\u00e9phal\u00e9e\",\"Colonne cervicale\",\"Conseils\",\"Pr\u00e9vention\",\"Sant\u00e9 de la colonne\"],\"articleSection\":[\"Zone cervicale\"],\"inLanguage\":\"fr-FR\"},{\"@type\":\"WebPage\",\"@id\":\"https:\/\/saraburguet.com\/fr\/dolor-de-cabeza-de-origen-cervical-cefalea-cervicogenica\/\",\"url\":\"https:\/\/saraburguet.com\/fr\/dolor-de-cabeza-de-origen-cervical-cefalea-cervicogenica\/\",\"name\":\"Dolor de cabeza de origen cervical ( Cefalea Cervicog\u00e9nica) - Dr Sara Burguet. Chirurgie de la colonne vert\u00e9brale\",\"isPartOf\":{\"@id\":\"https:\/\/saraburguet.com\/fr\/#website\"},\"primaryImageOfPage\":{\"@id\":\"https:\/\/saraburguet.com\/fr\/dolor-de-cabeza-de-origen-cervical-cefalea-cervicogenica\/#primaryimage\"},\"image\":{\"@id\":\"https:\/\/saraburguet.com\/fr\/dolor-de-cabeza-de-origen-cervical-cefalea-cervicogenica\/#primaryimage\"},\"thumbnailUrl\":\"https:\/\/saraburguet.com\/wp-content\/uploads\/2022\/11\/las-cervicales-producen-dolor-de-cabeza-2.jpeg\",\"datePublished\":\"2022-11-02T20:00:00+00:00\",\"dateModified\":\"2026-03-16T13:31:33+00:00\",\"breadcrumb\":{\"@id\":\"https:\/\/saraburguet.com\/fr\/dolor-de-cabeza-de-origen-cervical-cefalea-cervicogenica\/#breadcrumb\"},\"inLanguage\":\"fr-FR\",\"potentialAction\":[{\"@type\":\"ReadAction\",\"target\":[\"https:\/\/saraburguet.com\/fr\/dolor-de-cabeza-de-origen-cervical-cefalea-cervicogenica\/\"]}]},{\"@type\":\"ImageObject\",\"inLanguage\":\"fr-FR\",\"@id\":\"https:\/\/saraburguet.com\/fr\/dolor-de-cabeza-de-origen-cervical-cefalea-cervicogenica\/#primaryimage\",\"url\":\"https:\/\/saraburguet.com\/wp-content\/uploads\/2022\/11\/las-cervicales-producen-dolor-de-cabeza-2.jpeg\",\"contentUrl\":\"https:\/\/saraburguet.com\/wp-content\/uploads\/2022\/11\/las-cervicales-producen-dolor-de-cabeza-2.jpeg\",\"width\":275,\"height\":183},{\"@type\":\"BreadcrumbList\",\"@id\":\"https:\/\/saraburguet.com\/fr\/dolor-de-cabeza-de-origen-cervical-cefalea-cervicogenica\/#breadcrumb\",\"itemListElement\":[{\"@type\":\"ListItem\",\"position\":1,\"name\":\"Accueil\",\"item\":\"https:\/\/saraburguet.com\/fr\/accueil\/\"},{\"@type\":\"ListItem\",\"position\":2,\"name\":\"Dolor de cabeza de origen cervical ( Cefalea Cervicog\u00e9nica)\"}]},{\"@type\":\"WebSite\",\"@id\":\"https:\/\/saraburguet.com\/fr\/#website\",\"url\":\"https:\/\/saraburguet.com\/fr\/\",\"name\":\"Dra. Sara Burguet. Cirug\u00eda de columna\",\"description\":\"Chirurgie mini-invasive\",\"publisher\":{\"@id\":\"https:\/\/saraburguet.com\/fr\/#\/schema\/person\/e44a1944f6b3cc5494e6aa6a28a23ed2\"},\"potentialAction\":[{\"@type\":\"SearchAction\",\"target\":{\"@type\":\"EntryPoint\",\"urlTemplate\":\"https:\/\/saraburguet.com\/fr\/?s={search_term_string}\"},\"query-input\":{\"@type\":\"PropertyValueSpecification\",\"valueRequired\":true,\"valueName\":\"search_term_string\"}}],\"inLanguage\":\"fr-FR\"},{\"@type\":[\"Person\",\"Organization\"],\"@id\":\"https:\/\/saraburguet.com\/fr\/#\/schema\/person\/e44a1944f6b3cc5494e6aa6a28a23ed2\",\"name\":\"admin\",\"logo\":{\"@id\":\"https:\/\/saraburguet.com\/fr\/#\/schema\/person\/image\/\"},\"sameAs\":[\"http:\/\/saraburguet.com\"],\"url\":\"https:\/\/saraburguet.com\/fr\/author\/admin\/\"}]}<\/script>\n<!-- \/ Yoast SEO plugin. -->","yoast_head_json":{"title":"Dolor de cabeza de origen cervical ( Cefalea Cervicog\u00e9nica) - Dr Sara Burguet. Chirurgie de la colonne vert\u00e9brale","robots":{"index":"index","follow":"follow","max-snippet":"max-snippet:-1","max-image-preview":"max-image-preview:large","max-video-preview":"max-video-preview:-1"},"canonical":"https:\/\/saraburguet.com\/fr\/dolor-de-cabeza-de-origen-cervical-cefalea-cervicogenica\/","og_locale":"fr_FR","og_type":"article","og_title":"Dolor de cabeza de origen cervical ( Cefalea Cervicog\u00e9nica) - Dr Sara Burguet. Chirurgie de la colonne vert\u00e9brale","og_description":"La c\u00e9phal\u00e9e ou mal de t\u00eate est un sympt\u00f4me tr\u00e8s fr\u00e9quent que nous avons tous connu au moins une fois. Parfois, le mal de t\u00eate appara\u00eet en m\u00eame temps que la douleur cervicale et mes patients me consultent \u00e0 ce sujet, ils associent eux-m\u00eames une douleur \u00e0 l&rsquo;autre mais, ont-ils toujours un lien entre eux [&hellip;]","og_url":"https:\/\/saraburguet.com\/fr\/dolor-de-cabeza-de-origen-cervical-cefalea-cervicogenica\/","og_site_name":"Dr Sara Burguet. Chirurgie de la colonne vert\u00e9brale","article_published_time":"2022-11-02T20:00:00+00:00","article_modified_time":"2026-03-16T13:31:33+00:00","og_image":[{"width":275,"height":183,"url":"https:\/\/saraburguet.com\/wp-content\/uploads\/2022\/11\/las-cervicales-producen-dolor-de-cabeza-2.jpeg","type":"image\/jpeg"}],"author":"admin","twitter_card":"summary_large_image","twitter_misc":{"\u00c9crit par":"admin","Dur\u00e9e de lecture estim\u00e9e":"3 minutes"},"schema":{"@context":"https:\/\/schema.org","@graph":[{"@type":"Article","@id":"https:\/\/saraburguet.com\/fr\/dolor-de-cabeza-de-origen-cervical-cefalea-cervicogenica\/#article","isPartOf":{"@id":"https:\/\/saraburguet.com\/fr\/dolor-de-cabeza-de-origen-cervical-cefalea-cervicogenica\/"},"author":{"name":"admin","@id":"https:\/\/saraburguet.com\/fr\/#\/schema\/person\/e44a1944f6b3cc5494e6aa6a28a23ed2"},"headline":"Dolor de cabeza de origen cervical ( Cefalea Cervicog\u00e9nica)","datePublished":"2022-11-02T20:00:00+00:00","dateModified":"2026-03-16T13:31:33+00:00","mainEntityOfPage":{"@id":"https:\/\/saraburguet.com\/fr\/dolor-de-cabeza-de-origen-cervical-cefalea-cervicogenica\/"},"wordCount":630,"publisher":{"@id":"https:\/\/saraburguet.com\/fr\/#\/schema\/person\/e44a1944f6b3cc5494e6aa6a28a23ed2"},"image":{"@id":"https:\/\/saraburguet.com\/fr\/dolor-de-cabeza-de-origen-cervical-cefalea-cervicogenica\/#primaryimage"},"thumbnailUrl":"https:\/\/saraburguet.com\/wp-content\/uploads\/2022\/11\/las-cervicales-producen-dolor-de-cabeza-2.jpeg","keywords":["C\u00e9phal\u00e9e","Colonne cervicale","Conseils","Pr\u00e9vention","Sant\u00e9 de la colonne"],"articleSection":["Zone cervicale"],"inLanguage":"fr-FR"},{"@type":"WebPage","@id":"https:\/\/saraburguet.com\/fr\/dolor-de-cabeza-de-origen-cervical-cefalea-cervicogenica\/","url":"https:\/\/saraburguet.com\/fr\/dolor-de-cabeza-de-origen-cervical-cefalea-cervicogenica\/","name":"Dolor de cabeza de origen cervical ( Cefalea Cervicog\u00e9nica) - Dr Sara Burguet. Chirurgie de la colonne vert\u00e9brale","isPartOf":{"@id":"https:\/\/saraburguet.com\/fr\/#website"},"primaryImageOfPage":{"@id":"https:\/\/saraburguet.com\/fr\/dolor-de-cabeza-de-origen-cervical-cefalea-cervicogenica\/#primaryimage"},"image":{"@id":"https:\/\/saraburguet.com\/fr\/dolor-de-cabeza-de-origen-cervical-cefalea-cervicogenica\/#primaryimage"},"thumbnailUrl":"https:\/\/saraburguet.com\/wp-content\/uploads\/2022\/11\/las-cervicales-producen-dolor-de-cabeza-2.jpeg","datePublished":"2022-11-02T20:00:00+00:00","dateModified":"2026-03-16T13:31:33+00:00","breadcrumb":{"@id":"https:\/\/saraburguet.com\/fr\/dolor-de-cabeza-de-origen-cervical-cefalea-cervicogenica\/#breadcrumb"},"inLanguage":"fr-FR","potentialAction":[{"@type":"ReadAction","target":["https:\/\/saraburguet.com\/fr\/dolor-de-cabeza-de-origen-cervical-cefalea-cervicogenica\/"]}]},{"@type":"ImageObject","inLanguage":"fr-FR","@id":"https:\/\/saraburguet.com\/fr\/dolor-de-cabeza-de-origen-cervical-cefalea-cervicogenica\/#primaryimage","url":"https:\/\/saraburguet.com\/wp-content\/uploads\/2022\/11\/las-cervicales-producen-dolor-de-cabeza-2.jpeg","contentUrl":"https:\/\/saraburguet.com\/wp-content\/uploads\/2022\/11\/las-cervicales-producen-dolor-de-cabeza-2.jpeg","width":275,"height":183},{"@type":"BreadcrumbList","@id":"https:\/\/saraburguet.com\/fr\/dolor-de-cabeza-de-origen-cervical-cefalea-cervicogenica\/#breadcrumb","itemListElement":[{"@type":"ListItem","position":1,"name":"Accueil","item":"https:\/\/saraburguet.com\/fr\/accueil\/"},{"@type":"ListItem","position":2,"name":"Dolor de cabeza de origen cervical ( Cefalea Cervicog\u00e9nica)"}]},{"@type":"WebSite","@id":"https:\/\/saraburguet.com\/fr\/#website","url":"https:\/\/saraburguet.com\/fr\/","name":"Dra. Sara Burguet. Cirug\u00eda de columna","description":"Chirurgie mini-invasive","publisher":{"@id":"https:\/\/saraburguet.com\/fr\/#\/schema\/person\/e44a1944f6b3cc5494e6aa6a28a23ed2"},"potentialAction":[{"@type":"SearchAction","target":{"@type":"EntryPoint","urlTemplate":"https:\/\/saraburguet.com\/fr\/?s={search_term_string}"},"query-input":{"@type":"PropertyValueSpecification","valueRequired":true,"valueName":"search_term_string"}}],"inLanguage":"fr-FR"},{"@type":["Person","Organization"],"@id":"https:\/\/saraburguet.com\/fr\/#\/schema\/person\/e44a1944f6b3cc5494e6aa6a28a23ed2","name":"admin","logo":{"@id":"https:\/\/saraburguet.com\/fr\/#\/schema\/person\/image\/"},"sameAs":["http:\/\/saraburguet.com"],"url":"https:\/\/saraburguet.com\/fr\/author\/admin\/"}]}},"jetpack_publicize_connections":[],"jetpack_featured_media_url":"https:\/\/saraburguet.com\/wp-content\/uploads\/2022\/11\/las-cervicales-producen-dolor-de-cabeza-2.jpeg","jetpack_sharing_enabled":true,"_links":{"self":[{"href":"https:\/\/saraburguet.com\/fr\/wp-json\/wp\/v2\/posts\/227926","targetHints":{"allow":["GET"]}}],"collection":[{"href":"https:\/\/saraburguet.com\/fr\/wp-json\/wp\/v2\/posts"}],"about":[{"href":"https:\/\/saraburguet.com\/fr\/wp-json\/wp\/v2\/types\/post"}],"author":[{"embeddable":true,"href":"https:\/\/saraburguet.com\/fr\/wp-json\/wp\/v2\/users\/1"}],"replies":[{"embeddable":true,"href":"https:\/\/saraburguet.com\/fr\/wp-json\/wp\/v2\/comments?post=227926"}],"version-history":[{"count":1,"href":"https:\/\/saraburguet.com\/fr\/wp-json\/wp\/v2\/posts\/227926\/revisions"}],"predecessor-version":[{"id":227927,"href":"https:\/\/saraburguet.com\/fr\/wp-json\/wp\/v2\/posts\/227926\/revisions\/227927"}],"wp:featuredmedia":[{"embeddable":true,"href":"https:\/\/saraburguet.com\/fr\/wp-json\/wp\/v2\/media\/227877"}],"wp:attachment":[{"href":"https:\/\/saraburguet.com\/fr\/wp-json\/wp\/v2\/media?parent=227926"}],"wp:term":[{"taxonomy":"category","embeddable":true,"href":"https:\/\/saraburguet.com\/fr\/wp-json\/wp\/v2\/categories?post=227926"},{"taxonomy":"post_tag","embeddable":true,"href":"https:\/\/saraburguet.com\/fr\/wp-json\/wp\/v2\/tags?post=227926"}],"curies":[{"name":"wp","href":"https:\/\/api.w.org\/{rel}","templated":true}]}}