{"id":227860,"date":"2023-02-15T13:00:00","date_gmt":"2023-02-15T13:00:00","guid":{"rendered":"https:\/\/saraburguet.com\/lennemi-silencieux-de-larthrose-cervicale-stenose-cervicale-et-risque-de-developper-une-myelopathie-cervicale\/"},"modified":"2026-03-16T13:23:18","modified_gmt":"2026-03-16T13:23:18","slug":"lennemi-silencieux-de-larthrose-cervicale-stenose-cervicale-et-risque-de-developper-une-myelopathie-cervicale","status":"publish","type":"post","link":"https:\/\/saraburguet.com\/fr\/lennemi-silencieux-de-larthrose-cervicale-stenose-cervicale-et-risque-de-developper-une-myelopathie-cervicale\/","title":{"rendered":"Lennemi silencieux de larthrose cervicale : st\u00e9nose cervicale et risque de d\u00e9velopper une my\u00e9lopathie cervicale."},"content":{"rendered":"\n<p>Larthrose cervicale entra\u00eene lapparition de protrusions, un \u00e9paississement des ligaments et des excroissances osseuses pouvant r\u00e9tr\u00e9cir le canal rachidien par lequel passe la moelle \u00e9pini\u00e8re et provoquer une inflammation, ou une my\u00e9lopathie cervicale.<\/p>\n\n<p>La moelle \u00e9pini\u00e8re v\u00e9hicule toutes les connexions allant du cerveau aux bras et aux jambes, responsables de la sensibilit\u00e9, de la force musculaire, de la perception de la douleur et de la temp\u00e9rature, ainsi que de la proprioception. Cest une structure tr\u00e8s d\u00e9licate et les l\u00e9sions m\u00e9dullaires doivent \u00eatre prises en charge pr\u00e9cocement, car on na pas encore d\u00e9couvert comment les gu\u00e9rir et elles laissent de nombreuses s\u00e9quelles. <\/p>\n\n<p><img loading=\"lazy\" decoding=\"async\" width=\"150\" height=\"295\" class=\"wp-image-227428\" style=\"width: 150px;\" src=\"https:\/\/saraburguet.com\/wp-content\/uploads\/2023\/01\/cervical-myelopathy.jpeg\" alt=\"\" srcset=\"https:\/\/saraburguet.com\/wp-content\/uploads\/2023\/01\/cervical-myelopathy.jpeg 250w, https:\/\/saraburguet.com\/wp-content\/uploads\/2023\/01\/cervical-myelopathy-152x300.jpeg 152w\" sizes=\"(max-width: 150px) 100vw, 150px\" \/><\/p>\n\n<p>Chez de nombreux patients pour lesquels nous r\u00e9alisons une IRM cervicale, une st\u00e9nose du canal est rapport\u00e9e, mais une my\u00e9lopathie ne se d\u00e9veloppera pas chez tous. Il est donc tr\u00e8s important de ne pas salarmer et de consulter un sp\u00e9cialiste du rachis afin quil r\u00e9ponde \u00e0 vos questions et \u00e9value votre risque. <\/p>\n\n<p><span style=\"color:#00d084\" class=\"tadv-color\"><strong>Comment savoir si je peux avoir une my\u00e9lopathie cervicale ?<\/strong><\/span><\/p>\n\n<p>La st\u00e9nose cervicale, lorsquelle affecte la moelle, provoque une s\u00e9rie de sympt\u00f4mes que jai class\u00e9s selon leur gravit\u00e9 :<\/p>\n\n<figure class=\"wp-block-table\"><table class=\"has-fixed-layout\"><tbody><tr><td><br\/><\/td><td>L\u00c9GERS<\/td><td>MOD\u00c9R\u00c9S<\/td><td>S\u00c9V\u00c8RES<\/td><\/tr><tr><td>MOBILIT\u00c9 DES MAINS<\/td><td>peut boutonner, mais a du mal \u00e0 manipuler de petits objets, ouvrir des bocaux, \u00e9crire une note\u2026<\/td><td>grande difficult\u00e9 \u00e0 boutonner, mais peut manger avec une cuill\u00e8re<\/td><td>ne peut pas bien utiliser la cuill\u00e8re <br\/>perte de mobilit\u00e9 des mains<\/td><\/tr><tr><td>MOBILIT\u00c9 DES JAMBES<\/td><td>d\u00e9s\u00e9quilibre mod\u00e9r\u00e9 debout ou en marchant, mais capable de monter les escaliers sans se tenir \u00e0 la rampe et sans aide ext\u00e9rieure<\/td><td>marche sans canne\/d\u00e9ambulateur, mais doit se tenir \u00e0 la rampe pour monter les escaliers.<br\/>marche avec des aides sur terrain plat.<\/td><td>ne peut pas marcher et na pas de sensibilit\u00e9 dans les jambes<\/td><\/tr><tr><td>SENSIBILIT\u00c9 DES MAINS<\/td><td>perte mod\u00e9r\u00e9e de sensibilit\u00e9 des mains<\/td><td>perte s\u00e9v\u00e8re de sensibilit\u00e9 des mains ou douleur<\/td><td>perte compl\u00e8te de sensibilit\u00e9 des mains<\/td><\/tr><tr><td>FONCTION URINAIRE<\/td><td>urgence mictionnelle (devoir aller rapidement aux toilettes pour \u00e9viter une fuite) ou moins dun \u00e9pisode par mois dincontinence deffort.<\/td><td>plus dun \u00e9pisode par mois dincontinence deffort (en toussant, en \u00e9ternuant, lors dun effort, des fuites durine surviennent alors quauparavant ce n\u00e9tait pas le cas)<\/td><td>nest pas capable duriner spontan\u00e9ment, uniquement avec une sonde.<\/td><\/tr><\/tbody><\/table><figcaption>(bas\u00e9 sur l\u00e9chelle modifi\u00e9e de lAssociation japonaise, score mJOA)<\/figcaption><\/figure>\n\n<p>Ces sympt\u00f4mes apparaissent de mani\u00e8re progressive : en g\u00e9n\u00e9ral, on pr\u00e9sente dabord certains sympt\u00f4mes l\u00e9gers avant de ressentir les sympt\u00f4mes mod\u00e9r\u00e9s puis s\u00e9v\u00e8res. \u00c0 mesure que larthrose progresse, la moelle subit davantage de compression et les sympt\u00f4mes saggravent : la mobilit\u00e9 des mains et des jambes se d\u00e9t\u00e9riore de plus en plus et des troubles de la continence urinaire apparaissent. <\/p>\n\n<p>Il est tr\u00e8s rare de ne pr\u00e9senter aucun sympt\u00f4me puis, soudainement, de ne plus pouvoir marcher ou de ne plus pouvoir bouger les mains. Il est \u00e9galement tr\u00e8s rare que des sympt\u00f4mes apparaissent avant 50 ans.  <\/p>\n\n<p>Souvent, l\u00e9volution est confondue avec dautres maladies neurologiques et elle est difficile \u00e0 d\u00e9tecter. Il sagit g\u00e9n\u00e9ralement de patients ayant eu des \u00e9pisodes r\u00e9p\u00e9t\u00e9s de douleurs cervicales, et beaucoup avec une irradiation dans le bras, car rappelons quil sagit dun probl\u00e8me associ\u00e9, \u00e0 la base, \u00e0 larthrose cervicale.  <\/p>\n\n<p class=\"has-vivid-green-cyan-color has-text-color\"><strong>Que dois-je faire si jai une st\u00e9nose cervicale ? <\/strong><\/p>\n\n<p>Si une st\u00e9nose du canal cervical est d\u00e9tect\u00e9e, le sp\u00e9cialiste du rachis \u00e9valuera vos sympt\u00f4mes et vous prescrira un examen appel\u00e9 potentiels \u00e9voqu\u00e9s somesth\u00e9siques. Cet examen consiste \u00e0 appliquer une stimulation \u00e9lectrique aux nerfs p\u00e9riph\u00e9riques et \u00e0 enregistrer le signal le long de la colonne vert\u00e9brale, du tronc c\u00e9r\u00e9bral et du cortex somatosensoriel \u00e0 laide d\u00e9lectrodes. Il nutilise pas daiguilles, mais peut \u00eatre d\u00e9sagr\u00e9able chez certaines personnes.   <\/p>\n\n<p><span style=\"text-decoration: underline;\" class=\"underline\">Au vu des sympt\u00f4mes, de limagerie par IRM et des examens de potentiels, on vous informera de votre risque de d\u00e9velopper une my\u00e9lopathie cervicale.<\/span><\/p>\n\n<p>La my\u00e9lopathie cervicale survient, comme nous lavons dit, par compression progressive de la moelle au cours de l\u00e9volution de larthrose. Mais lorsque le canal est tr\u00e8s \u00e9troit, une chute ou un accident de la route avec un mouvement brusque du cou peut d\u00e9clencher une l\u00e9sion aigu\u00eb. <\/p>\n\n<p class=\"has-vivid-green-cyan-color has-text-color\"><strong>Quel traitement va-t-on me proposer ? <\/strong><\/p>\n\n<p>Si votre risque est faible, il suffit de conna\u00eetre les sympt\u00f4mes et de consulter si lun deux appara\u00eet, de r\u00e9aliser une r\u00e9\u00e9ducation sp\u00e9cifique et de poursuivre le suivi avec votre chirurgien du rachis.<\/p>\n\n<p>Si votre risque est mod\u00e9r\u00e9 ou \u00e9lev\u00e9, une intervention chirurgicale vous sera propos\u00e9e afin de d\u00e9comprimer le canal et de lib\u00e9rer la moelle de toute compression. Cette chirurgie est r\u00e9alis\u00e9e par voie ant\u00e9rieure ou post\u00e9rieure (par lavant ou larri\u00e8re du cou) selon les caract\u00e9ristiques anatomiques et radiologiques du rachis cervical. Lobjectif de lintervention est darr\u00eater la progression des sympt\u00f4mes et d\u00e9viter la d\u00e9t\u00e9rioration fonctionnelle, cest-\u00e0-dire de pr\u00e9server la fonction des bras et des jambes et d\u00e9viter lincontinence.   <\/p>\n","protected":false},"excerpt":{"rendered":"<p>Larthrose cervicale entra\u00eene lapparition de protrusions, un \u00e9paississement des ligaments et des excroissances osseuses pouvant r\u00e9tr\u00e9cir le canal rachidien par lequel passe la moelle \u00e9pini\u00e8re et provoquer une inflammation, ou une my\u00e9lopathie cervicale. La moelle \u00e9pini\u00e8re v\u00e9hicule toutes les connexions allant du cerveau aux bras et aux jambes, responsables de la sensibilit\u00e9, de la force [&hellip;]<\/p>\n","protected":false},"author":1,"featured_media":227859,"comment_status":"closed","ping_status":"closed","sticky":false,"template":"","format":"standard","meta":{"_et_pb_use_builder":"","_et_pb_old_content":"","_et_gb_content_width":"","_jetpack_memberships_contains_paid_content":false,"footnotes":"","jetpack_publicize_message":"","jetpack_publicize_feature_enabled":true,"jetpack_social_post_already_shared":true,"jetpack_social_options":{"image_generator_settings":{"template":"highway","default_image_id":0,"font":"","enabled":false},"version":2}},"categories":[155],"tags":[194,216,362,320,334,336,345,275,277],"class_list":["post-227860","post","type-post","status-publish","format-standard","has-post-thumbnail","hentry","category-zone-cervicale","tag-chirurgie-de-la-colonne-vertebrale","tag-colonne-cervicale","tag-fauteuil-roulant","tag-myelopathie-cervicale","tag-perte-de-force","tag-perte-de-sensibilite","tag-problemes-aux-mains","tag-stenose-cervicale","tag-stenose-du-canal-rachidien"],"yoast_head":"<!-- This site is optimized with the Yoast SEO plugin v27.1.1 - https:\/\/yoast.com\/product\/yoast-seo-wordpress\/ -->\n<title>Lennemi silencieux de larthrose cervicale : st\u00e9nose cervicale et risque de d\u00e9velopper une my\u00e9lopathie cervicale. - Dr Sara Burguet. Chirurgie de la colonne vert\u00e9brale<\/title>\n<meta name=\"robots\" content=\"index, follow, max-snippet:-1, max-image-preview:large, max-video-preview:-1\" \/>\n<link rel=\"canonical\" href=\"https:\/\/saraburguet.com\/fr\/lennemi-silencieux-de-larthrose-cervicale-stenose-cervicale-et-risque-de-developper-une-myelopathie-cervicale\/\" \/>\n<meta property=\"og:locale\" content=\"fr_FR\" \/>\n<meta property=\"og:type\" content=\"article\" \/>\n<meta property=\"og:title\" content=\"Lennemi silencieux de larthrose cervicale : st\u00e9nose cervicale et risque de d\u00e9velopper une my\u00e9lopathie cervicale. - Dr Sara Burguet. Chirurgie de la colonne vert\u00e9brale\" \/>\n<meta property=\"og:description\" content=\"Larthrose cervicale entra\u00eene lapparition de protrusions, un \u00e9paississement des ligaments et des excroissances osseuses pouvant r\u00e9tr\u00e9cir le canal rachidien par lequel passe la moelle \u00e9pini\u00e8re et provoquer une inflammation, ou une my\u00e9lopathie cervicale. La moelle \u00e9pini\u00e8re v\u00e9hicule toutes les connexions allant du cerveau aux bras et aux jambes, responsables de la sensibilit\u00e9, de la force [&hellip;]\" \/>\n<meta property=\"og:url\" content=\"https:\/\/saraburguet.com\/fr\/lennemi-silencieux-de-larthrose-cervicale-stenose-cervicale-et-risque-de-developper-une-myelopathie-cervicale\/\" \/>\n<meta property=\"og:site_name\" content=\"Dr Sara Burguet. Chirurgie de la colonne vert\u00e9brale\" \/>\n<meta property=\"article:published_time\" content=\"2023-02-15T13:00:00+00:00\" \/>\n<meta property=\"article:modified_time\" content=\"2026-03-16T13:23:18+00:00\" \/>\n<meta property=\"og:image\" content=\"https:\/\/saraburguet.com\/wp-content\/uploads\/2023\/01\/images-1.jpeg\" \/>\n\t<meta property=\"og:image:width\" content=\"189\" \/>\n\t<meta property=\"og:image:height\" content=\"126\" \/>\n\t<meta property=\"og:image:type\" content=\"image\/jpeg\" \/>\n<meta name=\"author\" content=\"admin\" \/>\n<meta name=\"twitter:card\" content=\"summary_large_image\" \/>\n<meta name=\"twitter:label1\" content=\"\u00c9crit par\" \/>\n\t<meta name=\"twitter:data1\" content=\"admin\" \/>\n\t<meta name=\"twitter:label2\" content=\"Dur\u00e9e de lecture estim\u00e9e\" \/>\n\t<meta name=\"twitter:data2\" content=\"4 minutes\" \/>\n<script type=\"application\/ld+json\" class=\"yoast-schema-graph\">{\"@context\":\"https:\/\/schema.org\",\"@graph\":[{\"@type\":\"Article\",\"@id\":\"https:\/\/saraburguet.com\/fr\/lennemi-silencieux-de-larthrose-cervicale-stenose-cervicale-et-risque-de-developper-une-myelopathie-cervicale\/#article\",\"isPartOf\":{\"@id\":\"https:\/\/saraburguet.com\/fr\/lennemi-silencieux-de-larthrose-cervicale-stenose-cervicale-et-risque-de-developper-une-myelopathie-cervicale\/\"},\"author\":{\"name\":\"admin\",\"@id\":\"https:\/\/saraburguet.com\/fr\/#\/schema\/person\/e44a1944f6b3cc5494e6aa6a28a23ed2\"},\"headline\":\"Lennemi silencieux de larthrose cervicale : st\u00e9nose cervicale et risque de d\u00e9velopper une my\u00e9lopathie cervicale.\",\"datePublished\":\"2023-02-15T13:00:00+00:00\",\"dateModified\":\"2026-03-16T13:23:18+00:00\",\"mainEntityOfPage\":{\"@id\":\"https:\/\/saraburguet.com\/fr\/lennemi-silencieux-de-larthrose-cervicale-stenose-cervicale-et-risque-de-developper-une-myelopathie-cervicale\/\"},\"wordCount\":903,\"publisher\":{\"@id\":\"https:\/\/saraburguet.com\/fr\/#\/schema\/person\/e44a1944f6b3cc5494e6aa6a28a23ed2\"},\"image\":{\"@id\":\"https:\/\/saraburguet.com\/fr\/lennemi-silencieux-de-larthrose-cervicale-stenose-cervicale-et-risque-de-developper-une-myelopathie-cervicale\/#primaryimage\"},\"thumbnailUrl\":\"https:\/\/saraburguet.com\/wp-content\/uploads\/2023\/01\/images-1.jpeg\",\"keywords\":[\"Chirurgie de la colonne vert\u00e9brale\",\"Colonne cervicale\",\"Fauteuil roulant\",\"My\u00e9lopathie cervicale\",\"Perte de force\",\"Perte de sensibilit\u00e9\",\"Probl\u00e8mes aux mains\",\"St\u00e9nose cervicale\",\"St\u00e9nose du canal rachidien\"],\"articleSection\":[\"Zone cervicale\"],\"inLanguage\":\"fr-FR\"},{\"@type\":\"WebPage\",\"@id\":\"https:\/\/saraburguet.com\/fr\/lennemi-silencieux-de-larthrose-cervicale-stenose-cervicale-et-risque-de-developper-une-myelopathie-cervicale\/\",\"url\":\"https:\/\/saraburguet.com\/fr\/lennemi-silencieux-de-larthrose-cervicale-stenose-cervicale-et-risque-de-developper-une-myelopathie-cervicale\/\",\"name\":\"Lennemi silencieux de larthrose cervicale : st\u00e9nose cervicale et risque de d\u00e9velopper une my\u00e9lopathie cervicale. - Dr Sara Burguet. Chirurgie de la colonne vert\u00e9brale\",\"isPartOf\":{\"@id\":\"https:\/\/saraburguet.com\/fr\/#website\"},\"primaryImageOfPage\":{\"@id\":\"https:\/\/saraburguet.com\/fr\/lennemi-silencieux-de-larthrose-cervicale-stenose-cervicale-et-risque-de-developper-une-myelopathie-cervicale\/#primaryimage\"},\"image\":{\"@id\":\"https:\/\/saraburguet.com\/fr\/lennemi-silencieux-de-larthrose-cervicale-stenose-cervicale-et-risque-de-developper-une-myelopathie-cervicale\/#primaryimage\"},\"thumbnailUrl\":\"https:\/\/saraburguet.com\/wp-content\/uploads\/2023\/01\/images-1.jpeg\",\"datePublished\":\"2023-02-15T13:00:00+00:00\",\"dateModified\":\"2026-03-16T13:23:18+00:00\",\"breadcrumb\":{\"@id\":\"https:\/\/saraburguet.com\/fr\/lennemi-silencieux-de-larthrose-cervicale-stenose-cervicale-et-risque-de-developper-une-myelopathie-cervicale\/#breadcrumb\"},\"inLanguage\":\"fr-FR\",\"potentialAction\":[{\"@type\":\"ReadAction\",\"target\":[\"https:\/\/saraburguet.com\/fr\/lennemi-silencieux-de-larthrose-cervicale-stenose-cervicale-et-risque-de-developper-une-myelopathie-cervicale\/\"]}]},{\"@type\":\"ImageObject\",\"inLanguage\":\"fr-FR\",\"@id\":\"https:\/\/saraburguet.com\/fr\/lennemi-silencieux-de-larthrose-cervicale-stenose-cervicale-et-risque-de-developper-une-myelopathie-cervicale\/#primaryimage\",\"url\":\"https:\/\/saraburguet.com\/wp-content\/uploads\/2023\/01\/images-1.jpeg\",\"contentUrl\":\"https:\/\/saraburguet.com\/wp-content\/uploads\/2023\/01\/images-1.jpeg\",\"width\":189,\"height\":126},{\"@type\":\"BreadcrumbList\",\"@id\":\"https:\/\/saraburguet.com\/fr\/lennemi-silencieux-de-larthrose-cervicale-stenose-cervicale-et-risque-de-developper-une-myelopathie-cervicale\/#breadcrumb\",\"itemListElement\":[{\"@type\":\"ListItem\",\"position\":1,\"name\":\"Accueil\",\"item\":\"https:\/\/saraburguet.com\/fr\/accueil\/\"},{\"@type\":\"ListItem\",\"position\":2,\"name\":\"Lennemi silencieux de larthrose cervicale : st\u00e9nose cervicale et risque de d\u00e9velopper une my\u00e9lopathie cervicale.\"}]},{\"@type\":\"WebSite\",\"@id\":\"https:\/\/saraburguet.com\/fr\/#website\",\"url\":\"https:\/\/saraburguet.com\/fr\/\",\"name\":\"Dra. Sara Burguet. Cirug\u00eda de columna\",\"description\":\"Chirurgie mini-invasive\",\"publisher\":{\"@id\":\"https:\/\/saraburguet.com\/fr\/#\/schema\/person\/e44a1944f6b3cc5494e6aa6a28a23ed2\"},\"potentialAction\":[{\"@type\":\"SearchAction\",\"target\":{\"@type\":\"EntryPoint\",\"urlTemplate\":\"https:\/\/saraburguet.com\/fr\/?s={search_term_string}\"},\"query-input\":{\"@type\":\"PropertyValueSpecification\",\"valueRequired\":true,\"valueName\":\"search_term_string\"}}],\"inLanguage\":\"fr-FR\"},{\"@type\":[\"Person\",\"Organization\"],\"@id\":\"https:\/\/saraburguet.com\/fr\/#\/schema\/person\/e44a1944f6b3cc5494e6aa6a28a23ed2\",\"name\":\"admin\",\"logo\":{\"@id\":\"https:\/\/saraburguet.com\/fr\/#\/schema\/person\/image\/\"},\"sameAs\":[\"http:\/\/saraburguet.com\"],\"url\":\"https:\/\/saraburguet.com\/fr\/author\/admin\/\"}]}<\/script>\n<!-- \/ Yoast SEO plugin. -->","yoast_head_json":{"title":"Lennemi silencieux de larthrose cervicale : st\u00e9nose cervicale et risque de d\u00e9velopper une my\u00e9lopathie cervicale. - Dr Sara Burguet. Chirurgie de la colonne vert\u00e9brale","robots":{"index":"index","follow":"follow","max-snippet":"max-snippet:-1","max-image-preview":"max-image-preview:large","max-video-preview":"max-video-preview:-1"},"canonical":"https:\/\/saraburguet.com\/fr\/lennemi-silencieux-de-larthrose-cervicale-stenose-cervicale-et-risque-de-developper-une-myelopathie-cervicale\/","og_locale":"fr_FR","og_type":"article","og_title":"Lennemi silencieux de larthrose cervicale : st\u00e9nose cervicale et risque de d\u00e9velopper une my\u00e9lopathie cervicale. - Dr Sara Burguet. Chirurgie de la colonne vert\u00e9brale","og_description":"Larthrose cervicale entra\u00eene lapparition de protrusions, un \u00e9paississement des ligaments et des excroissances osseuses pouvant r\u00e9tr\u00e9cir le canal rachidien par lequel passe la moelle \u00e9pini\u00e8re et provoquer une inflammation, ou une my\u00e9lopathie cervicale. La moelle \u00e9pini\u00e8re v\u00e9hicule toutes les connexions allant du cerveau aux bras et aux jambes, responsables de la sensibilit\u00e9, de la force [&hellip;]","og_url":"https:\/\/saraburguet.com\/fr\/lennemi-silencieux-de-larthrose-cervicale-stenose-cervicale-et-risque-de-developper-une-myelopathie-cervicale\/","og_site_name":"Dr Sara Burguet. Chirurgie de la colonne vert\u00e9brale","article_published_time":"2023-02-15T13:00:00+00:00","article_modified_time":"2026-03-16T13:23:18+00:00","og_image":[{"width":189,"height":126,"url":"https:\/\/saraburguet.com\/wp-content\/uploads\/2023\/01\/images-1.jpeg","type":"image\/jpeg"}],"author":"admin","twitter_card":"summary_large_image","twitter_misc":{"\u00c9crit par":"admin","Dur\u00e9e de lecture estim\u00e9e":"4 minutes"},"schema":{"@context":"https:\/\/schema.org","@graph":[{"@type":"Article","@id":"https:\/\/saraburguet.com\/fr\/lennemi-silencieux-de-larthrose-cervicale-stenose-cervicale-et-risque-de-developper-une-myelopathie-cervicale\/#article","isPartOf":{"@id":"https:\/\/saraburguet.com\/fr\/lennemi-silencieux-de-larthrose-cervicale-stenose-cervicale-et-risque-de-developper-une-myelopathie-cervicale\/"},"author":{"name":"admin","@id":"https:\/\/saraburguet.com\/fr\/#\/schema\/person\/e44a1944f6b3cc5494e6aa6a28a23ed2"},"headline":"Lennemi silencieux de larthrose cervicale : st\u00e9nose cervicale et risque de d\u00e9velopper une my\u00e9lopathie cervicale.","datePublished":"2023-02-15T13:00:00+00:00","dateModified":"2026-03-16T13:23:18+00:00","mainEntityOfPage":{"@id":"https:\/\/saraburguet.com\/fr\/lennemi-silencieux-de-larthrose-cervicale-stenose-cervicale-et-risque-de-developper-une-myelopathie-cervicale\/"},"wordCount":903,"publisher":{"@id":"https:\/\/saraburguet.com\/fr\/#\/schema\/person\/e44a1944f6b3cc5494e6aa6a28a23ed2"},"image":{"@id":"https:\/\/saraburguet.com\/fr\/lennemi-silencieux-de-larthrose-cervicale-stenose-cervicale-et-risque-de-developper-une-myelopathie-cervicale\/#primaryimage"},"thumbnailUrl":"https:\/\/saraburguet.com\/wp-content\/uploads\/2023\/01\/images-1.jpeg","keywords":["Chirurgie de la colonne vert\u00e9brale","Colonne cervicale","Fauteuil roulant","My\u00e9lopathie cervicale","Perte de force","Perte de sensibilit\u00e9","Probl\u00e8mes aux mains","St\u00e9nose cervicale","St\u00e9nose du canal rachidien"],"articleSection":["Zone cervicale"],"inLanguage":"fr-FR"},{"@type":"WebPage","@id":"https:\/\/saraburguet.com\/fr\/lennemi-silencieux-de-larthrose-cervicale-stenose-cervicale-et-risque-de-developper-une-myelopathie-cervicale\/","url":"https:\/\/saraburguet.com\/fr\/lennemi-silencieux-de-larthrose-cervicale-stenose-cervicale-et-risque-de-developper-une-myelopathie-cervicale\/","name":"Lennemi silencieux de larthrose cervicale : st\u00e9nose cervicale et risque de d\u00e9velopper une my\u00e9lopathie cervicale. - Dr Sara Burguet. Chirurgie de la colonne vert\u00e9brale","isPartOf":{"@id":"https:\/\/saraburguet.com\/fr\/#website"},"primaryImageOfPage":{"@id":"https:\/\/saraburguet.com\/fr\/lennemi-silencieux-de-larthrose-cervicale-stenose-cervicale-et-risque-de-developper-une-myelopathie-cervicale\/#primaryimage"},"image":{"@id":"https:\/\/saraburguet.com\/fr\/lennemi-silencieux-de-larthrose-cervicale-stenose-cervicale-et-risque-de-developper-une-myelopathie-cervicale\/#primaryimage"},"thumbnailUrl":"https:\/\/saraburguet.com\/wp-content\/uploads\/2023\/01\/images-1.jpeg","datePublished":"2023-02-15T13:00:00+00:00","dateModified":"2026-03-16T13:23:18+00:00","breadcrumb":{"@id":"https:\/\/saraburguet.com\/fr\/lennemi-silencieux-de-larthrose-cervicale-stenose-cervicale-et-risque-de-developper-une-myelopathie-cervicale\/#breadcrumb"},"inLanguage":"fr-FR","potentialAction":[{"@type":"ReadAction","target":["https:\/\/saraburguet.com\/fr\/lennemi-silencieux-de-larthrose-cervicale-stenose-cervicale-et-risque-de-developper-une-myelopathie-cervicale\/"]}]},{"@type":"ImageObject","inLanguage":"fr-FR","@id":"https:\/\/saraburguet.com\/fr\/lennemi-silencieux-de-larthrose-cervicale-stenose-cervicale-et-risque-de-developper-une-myelopathie-cervicale\/#primaryimage","url":"https:\/\/saraburguet.com\/wp-content\/uploads\/2023\/01\/images-1.jpeg","contentUrl":"https:\/\/saraburguet.com\/wp-content\/uploads\/2023\/01\/images-1.jpeg","width":189,"height":126},{"@type":"BreadcrumbList","@id":"https:\/\/saraburguet.com\/fr\/lennemi-silencieux-de-larthrose-cervicale-stenose-cervicale-et-risque-de-developper-une-myelopathie-cervicale\/#breadcrumb","itemListElement":[{"@type":"ListItem","position":1,"name":"Accueil","item":"https:\/\/saraburguet.com\/fr\/accueil\/"},{"@type":"ListItem","position":2,"name":"Lennemi silencieux de larthrose cervicale : st\u00e9nose cervicale et risque de d\u00e9velopper une my\u00e9lopathie cervicale."}]},{"@type":"WebSite","@id":"https:\/\/saraburguet.com\/fr\/#website","url":"https:\/\/saraburguet.com\/fr\/","name":"Dra. Sara Burguet. Cirug\u00eda de columna","description":"Chirurgie mini-invasive","publisher":{"@id":"https:\/\/saraburguet.com\/fr\/#\/schema\/person\/e44a1944f6b3cc5494e6aa6a28a23ed2"},"potentialAction":[{"@type":"SearchAction","target":{"@type":"EntryPoint","urlTemplate":"https:\/\/saraburguet.com\/fr\/?s={search_term_string}"},"query-input":{"@type":"PropertyValueSpecification","valueRequired":true,"valueName":"search_term_string"}}],"inLanguage":"fr-FR"},{"@type":["Person","Organization"],"@id":"https:\/\/saraburguet.com\/fr\/#\/schema\/person\/e44a1944f6b3cc5494e6aa6a28a23ed2","name":"admin","logo":{"@id":"https:\/\/saraburguet.com\/fr\/#\/schema\/person\/image\/"},"sameAs":["http:\/\/saraburguet.com"],"url":"https:\/\/saraburguet.com\/fr\/author\/admin\/"}]}},"jetpack_publicize_connections":[],"jetpack_featured_media_url":"https:\/\/saraburguet.com\/wp-content\/uploads\/2023\/01\/images-1.jpeg","jetpack_sharing_enabled":true,"_links":{"self":[{"href":"https:\/\/saraburguet.com\/fr\/wp-json\/wp\/v2\/posts\/227860","targetHints":{"allow":["GET"]}}],"collection":[{"href":"https:\/\/saraburguet.com\/fr\/wp-json\/wp\/v2\/posts"}],"about":[{"href":"https:\/\/saraburguet.com\/fr\/wp-json\/wp\/v2\/types\/post"}],"author":[{"embeddable":true,"href":"https:\/\/saraburguet.com\/fr\/wp-json\/wp\/v2\/users\/1"}],"replies":[{"embeddable":true,"href":"https:\/\/saraburguet.com\/fr\/wp-json\/wp\/v2\/comments?post=227860"}],"version-history":[{"count":1,"href":"https:\/\/saraburguet.com\/fr\/wp-json\/wp\/v2\/posts\/227860\/revisions"}],"predecessor-version":[{"id":227863,"href":"https:\/\/saraburguet.com\/fr\/wp-json\/wp\/v2\/posts\/227860\/revisions\/227863"}],"wp:featuredmedia":[{"embeddable":true,"href":"https:\/\/saraburguet.com\/fr\/wp-json\/wp\/v2\/media\/227859"}],"wp:attachment":[{"href":"https:\/\/saraburguet.com\/fr\/wp-json\/wp\/v2\/media?parent=227860"}],"wp:term":[{"taxonomy":"category","embeddable":true,"href":"https:\/\/saraburguet.com\/fr\/wp-json\/wp\/v2\/categories?post=227860"},{"taxonomy":"post_tag","embeddable":true,"href":"https:\/\/saraburguet.com\/fr\/wp-json\/wp\/v2\/tags?post=227860"}],"curies":[{"name":"wp","href":"https:\/\/api.w.org\/{rel}","templated":true}]}}