{"id":227852,"date":"2023-03-17T08:00:00","date_gmt":"2023-03-17T08:00:00","guid":{"rendered":"https:\/\/saraburguet.com\/utilisation-du-corset-dans-la-fracture-vertebrale\/"},"modified":"2026-03-16T13:21:13","modified_gmt":"2026-03-16T13:21:13","slug":"utilisation-du-corset-dans-la-fracture-vertebrale","status":"publish","type":"post","link":"https:\/\/saraburguet.com\/fr\/utilisation-du-corset-dans-la-fracture-vertebrale\/","title":{"rendered":"Utilisation du corset dans la fracture vert\u00e9brale"},"content":{"rendered":"\n<p class=\"has-vivid-green-cyan-color has-text-color\"><mark>Quand est-il prescrit ?<\/mark><\/p>\n\n<p>Le traitement par corset est recommand\u00e9 apr\u00e8s avoir \u00e9tudi\u00e9 le type de fracture vert\u00e9brale par scanner et\/ou IRM et v\u00e9rifi\u00e9 qu&rsquo;elle est stable et peut gu\u00e9rir correctement sans n\u00e9cessiter de stabilisation chirurgicale. Il est tr\u00e8s important qu&rsquo;un sp\u00e9cialiste de la colonne vert\u00e9brale \u00e9value notre fracture, car les tassements ou \u00e9crasements vert\u00e9braux ont tendance \u00e0 progresser et peuvent laisser des s\u00e9quelles de douleur chronique et de d\u00e9formation en cyphose de la colonne vert\u00e9brale.  <\/p>\n\n<p><mark>Comment agit un corset ?<\/mark><\/p>\n\n<p>Le corset aide la musculature qui entoure la colonne vert\u00e9brale, la fait travailler moins, limite certains mouvements et cela fait que nous ressentons moins de douleur malgr\u00e9 la fracture de la vert\u00e8bre. Il place \u00e9galement la colonne vert\u00e9brale dans une position plus droite et d\u00e9charge le poids de la vert\u00e8bre fractur\u00e9e.  <\/p>\n\n<p>Le corset\u2026<\/p>\n\n<figure class=\"wp-block-table\"><table><tbody><tr><td><strong>OUI<\/strong><\/td><td><strong>NO<\/strong><\/td><\/tr><tr><td>maintient un meilleur alignement<br\/>immobilise pendant la gu\u00e9rison de la fracture<br\/>restreint le mouvement et soulage la douleur<\/td><td>corrige la colonne vert\u00e9brale<br\/>pr\u00e9vient les d\u00e9formations<br\/>emp\u00eache l&rsquo;effondrement de la fracture<\/td><\/tr><\/tbody><\/table><\/figure>\n\n<p>C&rsquo;est pourquoi il est tr\u00e8s important qu&rsquo;un sp\u00e9cialiste de la colonne vert\u00e9brale s&rsquo;assure que la fracture peut gu\u00e9rir avec un corset sans n\u00e9cessiter de fixation chirurgicale.<\/p>\n\n<p><mark>Combien de temps doit-on le porter ?<\/mark><\/p>\n\n<p>Il est g\u00e9n\u00e9ralement prescrit pendant 8 \u00e0 12 semaines, soit le temps n\u00e9cessaire \u00e0 la gu\u00e9rison de l&rsquo;os. Le retrait apr\u00e8s cette p\u00e9riode se fait de mani\u00e8re plus ou moins progressive selon la condition physique ant\u00e9rieure du patient.  <\/p>\n\n<p><mark>Dois-je observer un repos absolu avec le corset ?<\/mark><\/p>\n\n<p>Les premiers jours, si nous avons beaucoup de douleur, il est possible de se reposer un peu, mais pr\u00e9cis\u00e9ment la mise en place du corset vise \u00e0 ce que nous puissions commencer \u00e0 faire certaines activit\u00e9s et \u00e0 bouger un peu. Il est clair qu&rsquo;il y a beaucoup de choses que nous ne pourrons pas faire car il est con\u00e7u pour restreindre les mouvements de flexion et d&rsquo;extension.  <\/p>\n\n<p><mark>Quand dois-je le mettre ?<\/mark><\/p>\n\n<p>Il est recommand\u00e9 de le porter pour \u00eatre assis, debout ou marcher.<\/p>\n\n<p>Le corset doit toujours \u00eatre retir\u00e9 pour se coucher (car la colonne vert\u00e9brale en position allong\u00e9e est au repos et aucun soutien n&rsquo;est n\u00e9cessaire).<\/p>\n\n<p>Il n&rsquo;est g\u00e9n\u00e9ralement pas n\u00e9cessaire de le mettre strictement en position allong\u00e9e (surtout dans le cas de personnes \u00e0 mobilit\u00e9 r\u00e9duite).<\/p>\n\n<p>Consultez le sp\u00e9cialiste pour savoir \u00e0 quel moment il peut \u00eatre retir\u00e9 pour l&rsquo;hygi\u00e8ne personnelle et pour manger assis. S&rsquo;il est retir\u00e9 pour l&rsquo;hygi\u00e8ne personnelle, pensez \u00e0 bien s\u00e9cher la peau avant de le remettre pour \u00e9viter l&rsquo;apparition de mycoses ou d&rsquo;irritations.  <\/p>\n\n<p><mark>Que se passe-t-il si je le porte plus longtemps que n\u00e9cessaire ?<\/mark><\/p>\n\n<p>La musculature s&rsquo;habitue \u00e0 travailler moins et s&rsquo;affaiblit, ce qui fait qu&rsquo;il nous est beaucoup plus difficile de r\u00e9cup\u00e9rer une fois qu&rsquo;on nous indique que nous devons retirer le corset. <\/p>\n\n<p>Porter un corset de mani\u00e8re continue peut contribuer \u00e0 des probl\u00e8mes digestifs, \u00e0 une tension art\u00e9rielle \u00e9lev\u00e9e et \u00e0 des irritations ou plaies cutan\u00e9es dues au frottement.<\/p>\n\n<p><mark>Le corset ne s&rsquo;adapte pas bien\u2026<\/mark><\/p>\n\n<p>Consultez le technicien orthop\u00e9diste qui vous a adapt\u00e9 le corset, ce sont des professionnels des orth\u00e8ses et ils peuvent vous donner des astuces pour qu&rsquo;il s&rsquo;ajuste mieux. <\/p>\n\n<p><mark>J&rsquo;ai une douleur insupportable malgr\u00e9 le port du corset\u2026<\/mark><\/p>\n\n<p>Consultez d\u00e8s que possible un sp\u00e9cialiste de la colonne vert\u00e9brale pour qu&rsquo;il v\u00e9rifie si la fracture gu\u00e9rit correctement et ajuste le traitement contre la douleur. <\/p>\n\n<p>Renseignez-vous pour savoir si vous \u00eates candidat \u00e0 une vert\u00e9broplastie, qui est une technique minimalement invasive dans laquelle du ciment est introduit dans la vert\u00e8bre pour soulager rapidement la douleur.<\/p>\n\n<p>Et n&rsquo;oubliez pas qu&rsquo;\u00e0 partir de 60 ans, si vous souffrez d&rsquo;une fracture vert\u00e9brale, il est fortement recommand\u00e9 de r\u00e9aliser une <mark>\u00e9tude de l&rsquo;ost\u00e9oporose<\/mark>, prenez rendez-vous \u00e0 l&rsquo;unit\u00e9 de fragilit\u00e9 osseuse. <a href=\"https:\/\/saraburguet.com\/prevencion-de-la-fragilidad-osea\/\">https:\/\/saraburguet.com\/prevencion-de-la-fragilidad-osea\/<\/a><\/p>\n","protected":false},"excerpt":{"rendered":"<p>Quand est-il prescrit ? Le traitement par corset est recommand\u00e9 apr\u00e8s avoir \u00e9tudi\u00e9 le type de fracture vert\u00e9brale par scanner et\/ou IRM et v\u00e9rifi\u00e9 qu&rsquo;elle est stable et peut gu\u00e9rir correctement sans n\u00e9cessiter de stabilisation chirurgicale. Il est tr\u00e8s important qu&rsquo;un sp\u00e9cialiste de la colonne vert\u00e9brale \u00e9value notre fracture, car les tassements ou \u00e9crasements vert\u00e9braux [&hellip;]<\/p>\n","protected":false},"author":1,"featured_media":227851,"comment_status":"closed","ping_status":"closed","sticky":false,"template":"","format":"standard","meta":{"_et_pb_use_builder":"","_et_pb_old_content":"","_et_gb_content_width":"","_jetpack_memberships_contains_paid_content":false,"footnotes":"","jetpack_publicize_message":"","jetpack_publicize_feature_enabled":true,"jetpack_social_post_already_shared":true,"jetpack_social_options":{"image_generator_settings":{"template":"highway","default_image_id":0,"font":"","enabled":false},"version":2}},"categories":[156],"tags":[279,217,222,226,228,301,198,283,285,269,170,368,373],"class_list":["post-227852","post","type-post","status-publish","format-standard","has-post-thumbnail","hentry","category-information-au-patient","tag-ceinture-lombaire","tag-colonne-lombaire","tag-conseils","tag-corset","tag-corset-rigide","tag-effondrement-vertebral-2","tag-effondrement-vertebral","tag-fixation-percutanee","tag-fracture-vertebrale","tag-spinomed","tag-tassement-vertebral","tag-traitement-orthopedique","tag-vertebroplastie"],"yoast_head":"<!-- This site is optimized with the Yoast SEO plugin v27.1.1 - https:\/\/yoast.com\/product\/yoast-seo-wordpress\/ -->\n<title>Utilisation du corset dans la fracture vert\u00e9brale - Dr Sara Burguet. Chirurgie de la colonne vert\u00e9brale<\/title>\n<meta name=\"robots\" content=\"index, follow, max-snippet:-1, max-image-preview:large, max-video-preview:-1\" \/>\n<link rel=\"canonical\" href=\"https:\/\/saraburguet.com\/fr\/utilisation-du-corset-dans-la-fracture-vertebrale\/\" \/>\n<meta property=\"og:locale\" content=\"fr_FR\" \/>\n<meta property=\"og:type\" content=\"article\" \/>\n<meta property=\"og:title\" content=\"Utilisation du corset dans la fracture vert\u00e9brale - Dr Sara Burguet. Chirurgie de la colonne vert\u00e9brale\" \/>\n<meta property=\"og:description\" content=\"Quand est-il prescrit ? Le traitement par corset est recommand\u00e9 apr\u00e8s avoir \u00e9tudi\u00e9 le type de fracture vert\u00e9brale par scanner et\/ou IRM et v\u00e9rifi\u00e9 qu&rsquo;elle est stable et peut gu\u00e9rir correctement sans n\u00e9cessiter de stabilisation chirurgicale. Il est tr\u00e8s important qu&rsquo;un sp\u00e9cialiste de la colonne vert\u00e9brale \u00e9value notre fracture, car les tassements ou \u00e9crasements vert\u00e9braux [&hellip;]\" \/>\n<meta property=\"og:url\" content=\"https:\/\/saraburguet.com\/fr\/utilisation-du-corset-dans-la-fracture-vertebrale\/\" \/>\n<meta property=\"og:site_name\" content=\"Dr Sara Burguet. Chirurgie de la colonne vert\u00e9brale\" \/>\n<meta property=\"article:published_time\" content=\"2023-03-17T08:00:00+00:00\" \/>\n<meta property=\"article:modified_time\" content=\"2026-03-16T13:21:13+00:00\" \/>\n<meta property=\"og:image\" content=\"https:\/\/saraburguet.com\/wp-content\/uploads\/2023\/03\/espinomed.jpeg\" \/>\n\t<meta property=\"og:image:width\" content=\"183\" \/>\n\t<meta property=\"og:image:height\" content=\"275\" \/>\n\t<meta property=\"og:image:type\" content=\"image\/jpeg\" \/>\n<meta name=\"author\" content=\"admin\" \/>\n<meta name=\"twitter:card\" content=\"summary_large_image\" \/>\n<meta name=\"twitter:label1\" content=\"\u00c9crit par\" \/>\n\t<meta name=\"twitter:data1\" content=\"admin\" \/>\n\t<meta name=\"twitter:label2\" content=\"Dur\u00e9e de lecture estim\u00e9e\" \/>\n\t<meta name=\"twitter:data2\" content=\"3 minutes\" \/>\n<script type=\"application\/ld+json\" class=\"yoast-schema-graph\">{\"@context\":\"https:\/\/schema.org\",\"@graph\":[{\"@type\":\"Article\",\"@id\":\"https:\/\/saraburguet.com\/fr\/utilisation-du-corset-dans-la-fracture-vertebrale\/#article\",\"isPartOf\":{\"@id\":\"https:\/\/saraburguet.com\/fr\/utilisation-du-corset-dans-la-fracture-vertebrale\/\"},\"author\":{\"name\":\"admin\",\"@id\":\"https:\/\/saraburguet.com\/fr\/#\/schema\/person\/e44a1944f6b3cc5494e6aa6a28a23ed2\"},\"headline\":\"Utilisation du corset dans la fracture vert\u00e9brale\",\"datePublished\":\"2023-03-17T08:00:00+00:00\",\"dateModified\":\"2026-03-16T13:21:13+00:00\",\"mainEntityOfPage\":{\"@id\":\"https:\/\/saraburguet.com\/fr\/utilisation-du-corset-dans-la-fracture-vertebrale\/\"},\"wordCount\":672,\"publisher\":{\"@id\":\"https:\/\/saraburguet.com\/fr\/#\/schema\/person\/e44a1944f6b3cc5494e6aa6a28a23ed2\"},\"image\":{\"@id\":\"https:\/\/saraburguet.com\/fr\/utilisation-du-corset-dans-la-fracture-vertebrale\/#primaryimage\"},\"thumbnailUrl\":\"https:\/\/saraburguet.com\/wp-content\/uploads\/2023\/03\/espinomed.jpeg\",\"keywords\":[\"Ceinture lombaire\",\"Colonne lombaire\",\"Conseils\",\"Corset\",\"Corset rigide\",\"Effondrement vert\u00e9bral\",\"Effondrement vert\u00e9bral\",\"Fixation percutan\u00e9e\",\"Fracture vert\u00e9brale\",\"Spinomed\",\"Tassement vert\u00e9bral\",\"Traitement orthop\u00e9dique\",\"Vert\u00e9broplastie\"],\"articleSection\":[\"Information au patient\"],\"inLanguage\":\"fr-FR\"},{\"@type\":\"WebPage\",\"@id\":\"https:\/\/saraburguet.com\/fr\/utilisation-du-corset-dans-la-fracture-vertebrale\/\",\"url\":\"https:\/\/saraburguet.com\/fr\/utilisation-du-corset-dans-la-fracture-vertebrale\/\",\"name\":\"Utilisation du corset dans la fracture vert\u00e9brale - Dr Sara Burguet. Chirurgie de la colonne vert\u00e9brale\",\"isPartOf\":{\"@id\":\"https:\/\/saraburguet.com\/fr\/#website\"},\"primaryImageOfPage\":{\"@id\":\"https:\/\/saraburguet.com\/fr\/utilisation-du-corset-dans-la-fracture-vertebrale\/#primaryimage\"},\"image\":{\"@id\":\"https:\/\/saraburguet.com\/fr\/utilisation-du-corset-dans-la-fracture-vertebrale\/#primaryimage\"},\"thumbnailUrl\":\"https:\/\/saraburguet.com\/wp-content\/uploads\/2023\/03\/espinomed.jpeg\",\"datePublished\":\"2023-03-17T08:00:00+00:00\",\"dateModified\":\"2026-03-16T13:21:13+00:00\",\"breadcrumb\":{\"@id\":\"https:\/\/saraburguet.com\/fr\/utilisation-du-corset-dans-la-fracture-vertebrale\/#breadcrumb\"},\"inLanguage\":\"fr-FR\",\"potentialAction\":[{\"@type\":\"ReadAction\",\"target\":[\"https:\/\/saraburguet.com\/fr\/utilisation-du-corset-dans-la-fracture-vertebrale\/\"]}]},{\"@type\":\"ImageObject\",\"inLanguage\":\"fr-FR\",\"@id\":\"https:\/\/saraburguet.com\/fr\/utilisation-du-corset-dans-la-fracture-vertebrale\/#primaryimage\",\"url\":\"https:\/\/saraburguet.com\/wp-content\/uploads\/2023\/03\/espinomed.jpeg\",\"contentUrl\":\"https:\/\/saraburguet.com\/wp-content\/uploads\/2023\/03\/espinomed.jpeg\",\"width\":183,\"height\":275},{\"@type\":\"BreadcrumbList\",\"@id\":\"https:\/\/saraburguet.com\/fr\/utilisation-du-corset-dans-la-fracture-vertebrale\/#breadcrumb\",\"itemListElement\":[{\"@type\":\"ListItem\",\"position\":1,\"name\":\"Accueil\",\"item\":\"https:\/\/saraburguet.com\/fr\/accueil\/\"},{\"@type\":\"ListItem\",\"position\":2,\"name\":\"Utilisation du corset dans la fracture vert\u00e9brale\"}]},{\"@type\":\"WebSite\",\"@id\":\"https:\/\/saraburguet.com\/fr\/#website\",\"url\":\"https:\/\/saraburguet.com\/fr\/\",\"name\":\"Dra. Sara Burguet. Cirug\u00eda de columna\",\"description\":\"Chirurgie mini-invasive\",\"publisher\":{\"@id\":\"https:\/\/saraburguet.com\/fr\/#\/schema\/person\/e44a1944f6b3cc5494e6aa6a28a23ed2\"},\"potentialAction\":[{\"@type\":\"SearchAction\",\"target\":{\"@type\":\"EntryPoint\",\"urlTemplate\":\"https:\/\/saraburguet.com\/fr\/?s={search_term_string}\"},\"query-input\":{\"@type\":\"PropertyValueSpecification\",\"valueRequired\":true,\"valueName\":\"search_term_string\"}}],\"inLanguage\":\"fr-FR\"},{\"@type\":[\"Person\",\"Organization\"],\"@id\":\"https:\/\/saraburguet.com\/fr\/#\/schema\/person\/e44a1944f6b3cc5494e6aa6a28a23ed2\",\"name\":\"admin\",\"logo\":{\"@id\":\"https:\/\/saraburguet.com\/fr\/#\/schema\/person\/image\/\"},\"sameAs\":[\"http:\/\/saraburguet.com\"],\"url\":\"https:\/\/saraburguet.com\/fr\/author\/admin\/\"}]}<\/script>\n<!-- \/ Yoast SEO plugin. -->","yoast_head_json":{"title":"Utilisation du corset dans la fracture vert\u00e9brale - Dr Sara Burguet. Chirurgie de la colonne vert\u00e9brale","robots":{"index":"index","follow":"follow","max-snippet":"max-snippet:-1","max-image-preview":"max-image-preview:large","max-video-preview":"max-video-preview:-1"},"canonical":"https:\/\/saraburguet.com\/fr\/utilisation-du-corset-dans-la-fracture-vertebrale\/","og_locale":"fr_FR","og_type":"article","og_title":"Utilisation du corset dans la fracture vert\u00e9brale - Dr Sara Burguet. Chirurgie de la colonne vert\u00e9brale","og_description":"Quand est-il prescrit ? Le traitement par corset est recommand\u00e9 apr\u00e8s avoir \u00e9tudi\u00e9 le type de fracture vert\u00e9brale par scanner et\/ou IRM et v\u00e9rifi\u00e9 qu&rsquo;elle est stable et peut gu\u00e9rir correctement sans n\u00e9cessiter de stabilisation chirurgicale. Il est tr\u00e8s important qu&rsquo;un sp\u00e9cialiste de la colonne vert\u00e9brale \u00e9value notre fracture, car les tassements ou \u00e9crasements vert\u00e9braux [&hellip;]","og_url":"https:\/\/saraburguet.com\/fr\/utilisation-du-corset-dans-la-fracture-vertebrale\/","og_site_name":"Dr Sara Burguet. Chirurgie de la colonne vert\u00e9brale","article_published_time":"2023-03-17T08:00:00+00:00","article_modified_time":"2026-03-16T13:21:13+00:00","og_image":[{"width":183,"height":275,"url":"https:\/\/saraburguet.com\/wp-content\/uploads\/2023\/03\/espinomed.jpeg","type":"image\/jpeg"}],"author":"admin","twitter_card":"summary_large_image","twitter_misc":{"\u00c9crit par":"admin","Dur\u00e9e de lecture estim\u00e9e":"3 minutes"},"schema":{"@context":"https:\/\/schema.org","@graph":[{"@type":"Article","@id":"https:\/\/saraburguet.com\/fr\/utilisation-du-corset-dans-la-fracture-vertebrale\/#article","isPartOf":{"@id":"https:\/\/saraburguet.com\/fr\/utilisation-du-corset-dans-la-fracture-vertebrale\/"},"author":{"name":"admin","@id":"https:\/\/saraburguet.com\/fr\/#\/schema\/person\/e44a1944f6b3cc5494e6aa6a28a23ed2"},"headline":"Utilisation du corset dans la fracture vert\u00e9brale","datePublished":"2023-03-17T08:00:00+00:00","dateModified":"2026-03-16T13:21:13+00:00","mainEntityOfPage":{"@id":"https:\/\/saraburguet.com\/fr\/utilisation-du-corset-dans-la-fracture-vertebrale\/"},"wordCount":672,"publisher":{"@id":"https:\/\/saraburguet.com\/fr\/#\/schema\/person\/e44a1944f6b3cc5494e6aa6a28a23ed2"},"image":{"@id":"https:\/\/saraburguet.com\/fr\/utilisation-du-corset-dans-la-fracture-vertebrale\/#primaryimage"},"thumbnailUrl":"https:\/\/saraburguet.com\/wp-content\/uploads\/2023\/03\/espinomed.jpeg","keywords":["Ceinture lombaire","Colonne lombaire","Conseils","Corset","Corset rigide","Effondrement vert\u00e9bral","Effondrement vert\u00e9bral","Fixation percutan\u00e9e","Fracture vert\u00e9brale","Spinomed","Tassement vert\u00e9bral","Traitement orthop\u00e9dique","Vert\u00e9broplastie"],"articleSection":["Information au patient"],"inLanguage":"fr-FR"},{"@type":"WebPage","@id":"https:\/\/saraburguet.com\/fr\/utilisation-du-corset-dans-la-fracture-vertebrale\/","url":"https:\/\/saraburguet.com\/fr\/utilisation-du-corset-dans-la-fracture-vertebrale\/","name":"Utilisation du corset dans la fracture vert\u00e9brale - Dr Sara Burguet. Chirurgie de la colonne vert\u00e9brale","isPartOf":{"@id":"https:\/\/saraburguet.com\/fr\/#website"},"primaryImageOfPage":{"@id":"https:\/\/saraburguet.com\/fr\/utilisation-du-corset-dans-la-fracture-vertebrale\/#primaryimage"},"image":{"@id":"https:\/\/saraburguet.com\/fr\/utilisation-du-corset-dans-la-fracture-vertebrale\/#primaryimage"},"thumbnailUrl":"https:\/\/saraburguet.com\/wp-content\/uploads\/2023\/03\/espinomed.jpeg","datePublished":"2023-03-17T08:00:00+00:00","dateModified":"2026-03-16T13:21:13+00:00","breadcrumb":{"@id":"https:\/\/saraburguet.com\/fr\/utilisation-du-corset-dans-la-fracture-vertebrale\/#breadcrumb"},"inLanguage":"fr-FR","potentialAction":[{"@type":"ReadAction","target":["https:\/\/saraburguet.com\/fr\/utilisation-du-corset-dans-la-fracture-vertebrale\/"]}]},{"@type":"ImageObject","inLanguage":"fr-FR","@id":"https:\/\/saraburguet.com\/fr\/utilisation-du-corset-dans-la-fracture-vertebrale\/#primaryimage","url":"https:\/\/saraburguet.com\/wp-content\/uploads\/2023\/03\/espinomed.jpeg","contentUrl":"https:\/\/saraburguet.com\/wp-content\/uploads\/2023\/03\/espinomed.jpeg","width":183,"height":275},{"@type":"BreadcrumbList","@id":"https:\/\/saraburguet.com\/fr\/utilisation-du-corset-dans-la-fracture-vertebrale\/#breadcrumb","itemListElement":[{"@type":"ListItem","position":1,"name":"Accueil","item":"https:\/\/saraburguet.com\/fr\/accueil\/"},{"@type":"ListItem","position":2,"name":"Utilisation du corset dans la fracture vert\u00e9brale"}]},{"@type":"WebSite","@id":"https:\/\/saraburguet.com\/fr\/#website","url":"https:\/\/saraburguet.com\/fr\/","name":"Dra. Sara Burguet. Cirug\u00eda de columna","description":"Chirurgie mini-invasive","publisher":{"@id":"https:\/\/saraburguet.com\/fr\/#\/schema\/person\/e44a1944f6b3cc5494e6aa6a28a23ed2"},"potentialAction":[{"@type":"SearchAction","target":{"@type":"EntryPoint","urlTemplate":"https:\/\/saraburguet.com\/fr\/?s={search_term_string}"},"query-input":{"@type":"PropertyValueSpecification","valueRequired":true,"valueName":"search_term_string"}}],"inLanguage":"fr-FR"},{"@type":["Person","Organization"],"@id":"https:\/\/saraburguet.com\/fr\/#\/schema\/person\/e44a1944f6b3cc5494e6aa6a28a23ed2","name":"admin","logo":{"@id":"https:\/\/saraburguet.com\/fr\/#\/schema\/person\/image\/"},"sameAs":["http:\/\/saraburguet.com"],"url":"https:\/\/saraburguet.com\/fr\/author\/admin\/"}]}},"jetpack_publicize_connections":[],"jetpack_featured_media_url":"https:\/\/saraburguet.com\/wp-content\/uploads\/2023\/03\/espinomed.jpeg","jetpack_sharing_enabled":true,"_links":{"self":[{"href":"https:\/\/saraburguet.com\/fr\/wp-json\/wp\/v2\/posts\/227852","targetHints":{"allow":["GET"]}}],"collection":[{"href":"https:\/\/saraburguet.com\/fr\/wp-json\/wp\/v2\/posts"}],"about":[{"href":"https:\/\/saraburguet.com\/fr\/wp-json\/wp\/v2\/types\/post"}],"author":[{"embeddable":true,"href":"https:\/\/saraburguet.com\/fr\/wp-json\/wp\/v2\/users\/1"}],"replies":[{"embeddable":true,"href":"https:\/\/saraburguet.com\/fr\/wp-json\/wp\/v2\/comments?post=227852"}],"version-history":[{"count":1,"href":"https:\/\/saraburguet.com\/fr\/wp-json\/wp\/v2\/posts\/227852\/revisions"}],"predecessor-version":[{"id":227853,"href":"https:\/\/saraburguet.com\/fr\/wp-json\/wp\/v2\/posts\/227852\/revisions\/227853"}],"wp:featuredmedia":[{"embeddable":true,"href":"https:\/\/saraburguet.com\/fr\/wp-json\/wp\/v2\/media\/227851"}],"wp:attachment":[{"href":"https:\/\/saraburguet.com\/fr\/wp-json\/wp\/v2\/media?parent=227852"}],"wp:term":[{"taxonomy":"category","embeddable":true,"href":"https:\/\/saraburguet.com\/fr\/wp-json\/wp\/v2\/categories?post=227852"},{"taxonomy":"post_tag","embeddable":true,"href":"https:\/\/saraburguet.com\/fr\/wp-json\/wp\/v2\/tags?post=227852"}],"curies":[{"name":"wp","href":"https:\/\/api.w.org\/{rel}","templated":true}]}}