{"id":227837,"date":"2025-04-16T09:39:52","date_gmt":"2025-04-16T09:39:52","guid":{"rendered":"https:\/\/saraburguet.com\/douleur-10-ans-apres-une-chirurgie-de-fusion-lombaire-que-sest-il-passe-si-jetais-bien\/"},"modified":"2026-03-16T13:16:04","modified_gmt":"2026-03-16T13:16:04","slug":"douleur-10-ans-apres-une-chirurgie-de-fusion-lombaire-que-sest-il-passe-si-jetais-bien","status":"publish","type":"post","link":"https:\/\/saraburguet.com\/fr\/douleur-10-ans-apres-une-chirurgie-de-fusion-lombaire-que-sest-il-passe-si-jetais-bien\/","title":{"rendered":"Douleur 10 ans apr\u00e8s une chirurgie de fusion lombaire, que s&rsquo;est-il pass\u00e9 si j&rsquo;\u00e9tais bien ?"},"content":{"rendered":"\n<p>La FUSION LOMBAIRE ou ARTHROD\u00c8SE est une proc\u00e9dure qui consiste \u00e0 immobiliser un segment de la colonne vert\u00e9brale afin d&rsquo;\u00e9viter la douleur provoqu\u00e9e par le disque et les facettes, pour freiner le processus de d\u00e9g\u00e9n\u00e9rescence discale, et est parfois \u00e9galement utilis\u00e9e pour stabiliser le segment apr\u00e8s une chirurgie de d\u00e9compression des nerfs ou du canal lorsque beaucoup de r\u00e9section osseuse est n\u00e9cessaire.<\/p>\n\n<p> Pour r\u00e9aliser cette chirurgie, des vis sp\u00e9ciales pour la colonne vert\u00e9brale, reli\u00e9es par des barres, sont utilis\u00e9es, et entre les vert\u00e8bres, nous pla\u00e7ons une proth\u00e8se en forme de cage pour r\u00e9cup\u00e9rer la hauteur discale. Ce syst\u00e8me bloque le mouvement et \u00e9vite le pincement des nerfs de la colonne vert\u00e9brale.  <\/p>\n\n<p>Ce segment \u00e9tant immobilis\u00e9, la biom\u00e9canique de la colonne vert\u00e9brale change, les autres segments se r\u00e9partissent la charge et sont davantage sollicit\u00e9s pour la mobilit\u00e9, ce qui, directement et indirectement, peut faire qu&rsquo;<strong>un <mark style=\"background-color:rgba(0, 0, 0, 0)\" class=\"has-inline-color has-light-green-cyan-color\">processus<\/mark> de d\u00e9g\u00e9n\u00e9rescence pr\u00e9existant<\/strong> se poursuive ou s&rsquo;acc\u00e9l\u00e8re. La d\u00e9g\u00e9n\u00e9rescence du disque voisin de l&rsquo;arthrod\u00e8se lombaire est appel\u00e9e \u00ab maladie du disque adjacent \u00bb. Bien que les \u00e9tudes pr\u00e9sentent des chiffres tr\u00e8s vari\u00e9s, on pourrait estimer l&rsquo;incidence \u00e0 5 ans \u00e0 16,5 % et \u00e0 10 ans \u00e0 36,1 %, soit 3 personnes op\u00e9r\u00e9es sur 10.   <\/p>\n\n<p>En d&rsquo;autres termes, il est \u00e9vident que les disques voisins du segment fusionn\u00e9 seront plus surcharg\u00e9s de travail, mais <mark style=\"background-color:rgba(0, 0, 0, 0)\" class=\"has-inline-color has-black-color\"><strong>vont-ils c\u00e9der<\/strong><\/mark> <strong><mark style=\"background-color:rgba(0, 0, 0, 0)\" class=\"has-inline-color has-black-color\">si<\/mark><\/strong><mark style=\"background-color:rgba(0, 0, 0, 0)\" class=\"has-inline-color has-light-green-cyan-color\"><strong> ou <\/strong><\/mark>  <strong><mark style=\"background-color:rgba(0, 0, 0, 0)\" class=\"has-inline-color has-black-color\">si ? <\/mark><\/strong><mark style=\"background-color:rgba(0, 0, 0, 0)\" class=\"has-inline-color has-black-color\"><strong> Non <\/strong><\/mark><strong><mark style=\"background-color:rgba(0, 0, 0, 0)\" class=\"has-inline-color has-black-color\">toujours<\/mark><\/strong>.<\/p>\n\n<p>Si le processus de d\u00e9g\u00e9n\u00e9rescence a d\u00e9j\u00e0 commenc\u00e9 dans le disque voisin, nous pouvons affirmer qu&rsquo;il y a plus de chances d&rsquo;avoir des probl\u00e8mes dans quelques ann\u00e9es, mais d&rsquo;autres facteurs influencent :<\/p>\n\n<ol class=\"wp-block-list\">\n<li>Facteurs pr\u00e9existants, ou caract\u00e9ristiques du patient avant la chirurgie<\/li>\n<\/ol>\n\n<ul class=\"wp-block-list\">\n<li>Ob\u00e9sit\u00e9, en raison de la surcharge pond\u00e9rale chronique qu&rsquo;elle provoque sur les disques<\/li>\n\n\n\n<li>Lorsque l&rsquo;arthrod\u00e8se est r\u00e9alis\u00e9e \u00e0 un \u00e2ge plus avanc\u00e9, la colonne vert\u00e9brale a moins de potentiel pour s&rsquo;adapter \u00e0 la fusion en raison de sa plus grande rigidit\u00e9, ce qui est li\u00e9 \u00e0 une plus grande probabilit\u00e9 de discopathie adjacente.<\/li>\n\n\n\n<li>Changements d\u00e9g\u00e9n\u00e9ratifs discaux ou alt\u00e9rations facettaires d\u00e9j\u00e0 pr\u00e9sents (tout comme le disque op\u00e9r\u00e9 a d\u00e9g\u00e9n\u00e9r\u00e9, d&rsquo;autres disques peuvent avoir commenc\u00e9 le processus de d\u00e9g\u00e9n\u00e9rescence).<\/li>\n<\/ul>\n\n<p class=\"has-light-green-cyan-background-color has-background\">Pour contr\u00f4ler ces facteurs, nous recommandons toujours un traitement combin\u00e9 de perte de poids et d&rsquo;entra\u00eenement musculaire avant et apr\u00e8s les chirurgies que nous r\u00e9alisons. Le patient est inform\u00e9 de l&rsquo;\u00e9tat de ses autres disques et des possibilit\u00e9s de discopathie adjacente. <\/p>\n\n<ol start=\"2\" class=\"wp-block-list\">\n<li>Facteurs li\u00e9s \u00e0 la technique chirurgicale :<\/li>\n<\/ol>\n\n<ul class=\"wp-block-list\">\n<li>R\u00e9section des \u00e9l\u00e9ments post\u00e9rieurs lors de chirurgies d\u00e9compressives \u00e9tendues.<\/li>\n\n\n\n<li>Utiliser des techniques de fusion qui ne maintiennent pas ou ne r\u00e9cup\u00e8rent pas la lordose lombaire, ou ne pas prendre en compte l&rsquo;alignement du reste de la colonne vert\u00e9brale lors de la planification d&rsquo;une chirurgie.<\/li>\n\n\n\n<li>R\u00e9aliser des fusions tr\u00e8s rigides<\/li>\n\n\n\n<li>Prolonger l&rsquo;instrumentation jusqu&rsquo;au sacrum pour obtenir un meilleur maintien dans les chirurgies o\u00f9 seuls les \u00e9l\u00e9ments post\u00e9rieurs sont fusionn\u00e9s.<\/li>\n\n\n\n<li>Fusions de plus de deux niveaux : plus le nombre de disques op\u00e9r\u00e9s est \u00e9lev\u00e9, plus les risques de surcharge des disques voisins sont importants.<\/li>\n<\/ul>\n\n<p class=\"has-light-green-cyan-background-color has-background\">\u00c0 cet \u00e9gard, les techniques de fusion mini-invasives respectent les \u00e9l\u00e9ments post\u00e9rieurs, prot\u00e9geant ainsi de la discopathie adjacente. Nous avons tendance \u00e0 r\u00e9aliser des fusions sur le moins de niveaux possibles et \u00e0 \u00e9tudier dans chaque cas les courbes de la colonne vert\u00e9brale et les changements d\u00e9g\u00e9n\u00e9ratifs des disques voisins. Les techniques par abord ant\u00e9rieur nous permettent de mieux pr\u00e9server la lordose et de respecter les facettes mieux que toute autre technique.   <\/p>\n\n<p>Lorsqu&rsquo;un patient a d\u00e9j\u00e0 subi une intervention chirurgicale de la colonne vert\u00e9brale, nous demandons plusieurs examens pour \u00e9tudier son cas. L&rsquo;IRM nous informe du pincement du canal vert\u00e9bral ou de la sortie des nerfs dans les foramens, le scanner pour v\u00e9rifier la fusion osseuse et l&rsquo;\u00e9tat des vis, si elles sont desserr\u00e9es ou non, une radiographie en flexion et extension pour d\u00e9tecter une instabilit\u00e9 cach\u00e9e et une radiographie de toute la colonne vert\u00e9brale pour \u00e9valuer la posture globale et l&rsquo;\u00e9tat de la lordose.  <\/p>\n\n<p>Le traitement non chirurgical comprend la perte de poids, l&rsquo;entra\u00eenement musculaire et la correction posturale. D&rsquo;autres alternatives que nous proposons lorsque l&rsquo;analg\u00e9sie habituelle n&rsquo;am\u00e9liore pas les sympt\u00f4mes sont de r\u00e9aliser des infiltrations pour d\u00e9senflammer les zones de surcharge : <\/p>\n\n<ul class=\"wp-block-list\">\n<li>blocage ou radiofr\u00e9quence au niveau des facettes<\/li>\n\n\n\n<li>Infiltration foraminale pour la sciatique<\/li>\n\n\n\n<li>bloc \u00e9pidural caudal en cas de st\u00e9nose du canal<\/li>\n<\/ul>\n\n<p>Si le traitement conservateur ne r\u00e9sout pas le probl\u00e8me, si le cas est d\u00e9j\u00e0 tr\u00e8s avanc\u00e9 ou si la fonctionnalit\u00e9 du patient est tr\u00e8s affect\u00e9e, une chirurgie peut \u00eatre indiqu\u00e9e. Chaque cas est unique et n\u00e9cessite une \u00e9valuation personnalis\u00e9e. <\/p>\n\n<p>Je vous montre un cas que nous avons r\u00e9solu par voie ant\u00e9rieure avec un tr\u00e8s bon r\u00e9sultat. Je pr\u00e9f\u00e8re g\u00e9n\u00e9ralement l&rsquo;abord OLIF lorsque le patient a besoin d&rsquo;une correction de la lordose et que nous ne voulons pas rouvrir la cicatrice pr\u00e9c\u00e9dente pour \u00e9viter les probl\u00e8mes d&rsquo;infection.  <\/p>\n\n<figure class=\"wp-block-image size-large\"><img loading=\"lazy\" decoding=\"async\" width=\"819\" height=\"1024\" src=\"https:\/\/saraburguet.com\/wp-content\/uploads\/2025\/04\/IMG_0795-819x1024.jpeg\" alt=\"\" class=\"wp-image-227637\"\/><\/figure>\n\n<figure class=\"wp-block-image size-large\"><img loading=\"lazy\" decoding=\"async\" width=\"819\" height=\"1024\" src=\"https:\/\/saraburguet.com\/wp-content\/uploads\/2025\/04\/IMG_0796-819x1024.jpeg\" alt=\"\" class=\"wp-image-227638\"\/><\/figure>\n","protected":false},"excerpt":{"rendered":"<p>La FUSION LOMBAIRE ou ARTHROD\u00c8SE est une proc\u00e9dure qui consiste \u00e0 immobiliser un segment de la colonne vert\u00e9brale afin d&rsquo;\u00e9viter la douleur provoqu\u00e9e par le disque et les facettes, pour freiner le processus de d\u00e9g\u00e9n\u00e9rescence discale, et est parfois \u00e9galement utilis\u00e9e pour stabiliser le segment apr\u00e8s une chirurgie de d\u00e9compression des nerfs ou du canal [&hellip;]<\/p>\n","protected":false},"author":1,"featured_media":227832,"comment_status":"closed","ping_status":"closed","sticky":false,"template":"","format":"standard","meta":{"_et_pb_use_builder":"off","_et_pb_old_content":"","_et_gb_content_width":"","_jetpack_memberships_contains_paid_content":false,"footnotes":"","jetpack_publicize_message":"","jetpack_publicize_feature_enabled":true,"jetpack_social_post_already_shared":true,"jetpack_social_options":{"image_generator_settings":{"template":"highway","default_image_id":0,"font":"","enabled":false},"version":2}},"categories":[154],"tags":[168,194,160,217,253,343,358],"class_list":["post-227837","post","type-post","status-publish","format-standard","has-post-thumbnail","hentry","category-zone-lombaire","tag-abord-lateral-de-la-colonne","tag-chirurgie-de-la-colonne-vertebrale","tag-chirurgie-de-revision","tag-colonne-lombaire","tag-lombalgie","tag-prevention","tag-sante-de-la-colonne"],"yoast_head":"<!-- This site is optimized with the Yoast SEO plugin v27.1.1 - https:\/\/yoast.com\/product\/yoast-seo-wordpress\/ -->\n<title>Douleur 10 ans apr\u00e8s une chirurgie de fusion lombaire, que s&#039;est-il pass\u00e9 si j&#039;\u00e9tais bien ? - Dr Sara Burguet. Chirurgie de la colonne vert\u00e9brale<\/title>\n<meta name=\"robots\" content=\"index, follow, max-snippet:-1, max-image-preview:large, max-video-preview:-1\" \/>\n<link rel=\"canonical\" href=\"https:\/\/saraburguet.com\/fr\/douleur-10-ans-apres-une-chirurgie-de-fusion-lombaire-que-sest-il-passe-si-jetais-bien\/\" \/>\n<meta property=\"og:locale\" content=\"fr_FR\" \/>\n<meta property=\"og:type\" content=\"article\" \/>\n<meta property=\"og:title\" content=\"Douleur 10 ans apr\u00e8s une chirurgie de fusion lombaire, que s&#039;est-il pass\u00e9 si j&#039;\u00e9tais bien ? - Dr Sara Burguet. Chirurgie de la colonne vert\u00e9brale\" \/>\n<meta property=\"og:description\" content=\"La FUSION LOMBAIRE ou ARTHROD\u00c8SE est une proc\u00e9dure qui consiste \u00e0 immobiliser un segment de la colonne vert\u00e9brale afin d&rsquo;\u00e9viter la douleur provoqu\u00e9e par le disque et les facettes, pour freiner le processus de d\u00e9g\u00e9n\u00e9rescence discale, et est parfois \u00e9galement utilis\u00e9e pour stabiliser le segment apr\u00e8s une chirurgie de d\u00e9compression des nerfs ou du canal [&hellip;]\" \/>\n<meta property=\"og:url\" content=\"https:\/\/saraburguet.com\/fr\/douleur-10-ans-apres-une-chirurgie-de-fusion-lombaire-que-sest-il-passe-si-jetais-bien\/\" \/>\n<meta property=\"og:site_name\" content=\"Dr Sara Burguet. Chirurgie de la colonne vert\u00e9brale\" \/>\n<meta property=\"article:published_time\" content=\"2025-04-16T09:39:52+00:00\" \/>\n<meta property=\"article:modified_time\" content=\"2026-03-16T13:16:04+00:00\" \/>\n<meta property=\"og:image\" content=\"https:\/\/saraburguet.com\/wp-content\/uploads\/2025\/04\/IMG_0324.png\" \/>\n\t<meta property=\"og:image:width\" content=\"512\" \/>\n\t<meta property=\"og:image:height\" content=\"512\" \/>\n\t<meta property=\"og:image:type\" content=\"image\/png\" \/>\n<meta name=\"author\" content=\"admin\" \/>\n<meta name=\"twitter:card\" content=\"summary_large_image\" \/>\n<meta name=\"twitter:label1\" content=\"\u00c9crit par\" \/>\n\t<meta name=\"twitter:data1\" content=\"admin\" \/>\n\t<meta name=\"twitter:label2\" content=\"Dur\u00e9e de lecture estim\u00e9e\" \/>\n\t<meta name=\"twitter:data2\" content=\"5 minutes\" \/>\n<script type=\"application\/ld+json\" class=\"yoast-schema-graph\">{\"@context\":\"https:\/\/schema.org\",\"@graph\":[{\"@type\":\"Article\",\"@id\":\"https:\/\/saraburguet.com\/fr\/douleur-10-ans-apres-une-chirurgie-de-fusion-lombaire-que-sest-il-passe-si-jetais-bien\/#article\",\"isPartOf\":{\"@id\":\"https:\/\/saraburguet.com\/fr\/douleur-10-ans-apres-une-chirurgie-de-fusion-lombaire-que-sest-il-passe-si-jetais-bien\/\"},\"author\":{\"name\":\"admin\",\"@id\":\"https:\/\/saraburguet.com\/fr\/#\/schema\/person\/e44a1944f6b3cc5494e6aa6a28a23ed2\"},\"headline\":\"Douleur 10 ans apr\u00e8s une chirurgie de fusion lombaire, que s&rsquo;est-il pass\u00e9 si j&rsquo;\u00e9tais bien ?\",\"datePublished\":\"2025-04-16T09:39:52+00:00\",\"dateModified\":\"2026-03-16T13:16:04+00:00\",\"mainEntityOfPage\":{\"@id\":\"https:\/\/saraburguet.com\/fr\/douleur-10-ans-apres-une-chirurgie-de-fusion-lombaire-que-sest-il-passe-si-jetais-bien\/\"},\"wordCount\":919,\"publisher\":{\"@id\":\"https:\/\/saraburguet.com\/fr\/#\/schema\/person\/e44a1944f6b3cc5494e6aa6a28a23ed2\"},\"image\":{\"@id\":\"https:\/\/saraburguet.com\/fr\/douleur-10-ans-apres-une-chirurgie-de-fusion-lombaire-que-sest-il-passe-si-jetais-bien\/#primaryimage\"},\"thumbnailUrl\":\"https:\/\/saraburguet.com\/wp-content\/uploads\/2025\/04\/IMG_0324.png\",\"keywords\":[\"Abord lat\u00e9ral de la colonne\",\"Chirurgie de la colonne vert\u00e9brale\",\"Chirurgie de r\u00e9vision\",\"Colonne lombaire\",\"Lombalgie\",\"Pr\u00e9vention\",\"Sant\u00e9 de la colonne\"],\"articleSection\":[\"Zone lombaire\"],\"inLanguage\":\"fr-FR\"},{\"@type\":\"WebPage\",\"@id\":\"https:\/\/saraburguet.com\/fr\/douleur-10-ans-apres-une-chirurgie-de-fusion-lombaire-que-sest-il-passe-si-jetais-bien\/\",\"url\":\"https:\/\/saraburguet.com\/fr\/douleur-10-ans-apres-une-chirurgie-de-fusion-lombaire-que-sest-il-passe-si-jetais-bien\/\",\"name\":\"Douleur 10 ans apr\u00e8s une chirurgie de fusion lombaire, que s'est-il pass\u00e9 si j'\u00e9tais bien ? - Dr Sara Burguet. Chirurgie de la colonne vert\u00e9brale\",\"isPartOf\":{\"@id\":\"https:\/\/saraburguet.com\/fr\/#website\"},\"primaryImageOfPage\":{\"@id\":\"https:\/\/saraburguet.com\/fr\/douleur-10-ans-apres-une-chirurgie-de-fusion-lombaire-que-sest-il-passe-si-jetais-bien\/#primaryimage\"},\"image\":{\"@id\":\"https:\/\/saraburguet.com\/fr\/douleur-10-ans-apres-une-chirurgie-de-fusion-lombaire-que-sest-il-passe-si-jetais-bien\/#primaryimage\"},\"thumbnailUrl\":\"https:\/\/saraburguet.com\/wp-content\/uploads\/2025\/04\/IMG_0324.png\",\"datePublished\":\"2025-04-16T09:39:52+00:00\",\"dateModified\":\"2026-03-16T13:16:04+00:00\",\"breadcrumb\":{\"@id\":\"https:\/\/saraburguet.com\/fr\/douleur-10-ans-apres-une-chirurgie-de-fusion-lombaire-que-sest-il-passe-si-jetais-bien\/#breadcrumb\"},\"inLanguage\":\"fr-FR\",\"potentialAction\":[{\"@type\":\"ReadAction\",\"target\":[\"https:\/\/saraburguet.com\/fr\/douleur-10-ans-apres-une-chirurgie-de-fusion-lombaire-que-sest-il-passe-si-jetais-bien\/\"]}]},{\"@type\":\"ImageObject\",\"inLanguage\":\"fr-FR\",\"@id\":\"https:\/\/saraburguet.com\/fr\/douleur-10-ans-apres-une-chirurgie-de-fusion-lombaire-que-sest-il-passe-si-jetais-bien\/#primaryimage\",\"url\":\"https:\/\/saraburguet.com\/wp-content\/uploads\/2025\/04\/IMG_0324.png\",\"contentUrl\":\"https:\/\/saraburguet.com\/wp-content\/uploads\/2025\/04\/IMG_0324.png\",\"width\":512,\"height\":512},{\"@type\":\"BreadcrumbList\",\"@id\":\"https:\/\/saraburguet.com\/fr\/douleur-10-ans-apres-une-chirurgie-de-fusion-lombaire-que-sest-il-passe-si-jetais-bien\/#breadcrumb\",\"itemListElement\":[{\"@type\":\"ListItem\",\"position\":1,\"name\":\"Accueil\",\"item\":\"https:\/\/saraburguet.com\/fr\/accueil\/\"},{\"@type\":\"ListItem\",\"position\":2,\"name\":\"Douleur 10 ans apr\u00e8s une chirurgie de fusion lombaire, que s&rsquo;est-il pass\u00e9 si j&rsquo;\u00e9tais bien ?\"}]},{\"@type\":\"WebSite\",\"@id\":\"https:\/\/saraburguet.com\/fr\/#website\",\"url\":\"https:\/\/saraburguet.com\/fr\/\",\"name\":\"Dra. Sara Burguet. Cirug\u00eda de columna\",\"description\":\"Chirurgie mini-invasive\",\"publisher\":{\"@id\":\"https:\/\/saraburguet.com\/fr\/#\/schema\/person\/e44a1944f6b3cc5494e6aa6a28a23ed2\"},\"potentialAction\":[{\"@type\":\"SearchAction\",\"target\":{\"@type\":\"EntryPoint\",\"urlTemplate\":\"https:\/\/saraburguet.com\/fr\/?s={search_term_string}\"},\"query-input\":{\"@type\":\"PropertyValueSpecification\",\"valueRequired\":true,\"valueName\":\"search_term_string\"}}],\"inLanguage\":\"fr-FR\"},{\"@type\":[\"Person\",\"Organization\"],\"@id\":\"https:\/\/saraburguet.com\/fr\/#\/schema\/person\/e44a1944f6b3cc5494e6aa6a28a23ed2\",\"name\":\"admin\",\"logo\":{\"@id\":\"https:\/\/saraburguet.com\/fr\/#\/schema\/person\/image\/\"},\"sameAs\":[\"http:\/\/saraburguet.com\"],\"url\":\"https:\/\/saraburguet.com\/fr\/author\/admin\/\"}]}<\/script>\n<!-- \/ Yoast SEO plugin. -->","yoast_head_json":{"title":"Douleur 10 ans apr\u00e8s une chirurgie de fusion lombaire, que s'est-il pass\u00e9 si j'\u00e9tais bien ? - Dr Sara Burguet. Chirurgie de la colonne vert\u00e9brale","robots":{"index":"index","follow":"follow","max-snippet":"max-snippet:-1","max-image-preview":"max-image-preview:large","max-video-preview":"max-video-preview:-1"},"canonical":"https:\/\/saraburguet.com\/fr\/douleur-10-ans-apres-une-chirurgie-de-fusion-lombaire-que-sest-il-passe-si-jetais-bien\/","og_locale":"fr_FR","og_type":"article","og_title":"Douleur 10 ans apr\u00e8s une chirurgie de fusion lombaire, que s'est-il pass\u00e9 si j'\u00e9tais bien ? - Dr Sara Burguet. Chirurgie de la colonne vert\u00e9brale","og_description":"La FUSION LOMBAIRE ou ARTHROD\u00c8SE est une proc\u00e9dure qui consiste \u00e0 immobiliser un segment de la colonne vert\u00e9brale afin d&rsquo;\u00e9viter la douleur provoqu\u00e9e par le disque et les facettes, pour freiner le processus de d\u00e9g\u00e9n\u00e9rescence discale, et est parfois \u00e9galement utilis\u00e9e pour stabiliser le segment apr\u00e8s une chirurgie de d\u00e9compression des nerfs ou du canal [&hellip;]","og_url":"https:\/\/saraburguet.com\/fr\/douleur-10-ans-apres-une-chirurgie-de-fusion-lombaire-que-sest-il-passe-si-jetais-bien\/","og_site_name":"Dr Sara Burguet. Chirurgie de la colonne vert\u00e9brale","article_published_time":"2025-04-16T09:39:52+00:00","article_modified_time":"2026-03-16T13:16:04+00:00","og_image":[{"width":512,"height":512,"url":"https:\/\/saraburguet.com\/wp-content\/uploads\/2025\/04\/IMG_0324.png","type":"image\/png"}],"author":"admin","twitter_card":"summary_large_image","twitter_misc":{"\u00c9crit par":"admin","Dur\u00e9e de lecture estim\u00e9e":"5 minutes"},"schema":{"@context":"https:\/\/schema.org","@graph":[{"@type":"Article","@id":"https:\/\/saraburguet.com\/fr\/douleur-10-ans-apres-une-chirurgie-de-fusion-lombaire-que-sest-il-passe-si-jetais-bien\/#article","isPartOf":{"@id":"https:\/\/saraburguet.com\/fr\/douleur-10-ans-apres-une-chirurgie-de-fusion-lombaire-que-sest-il-passe-si-jetais-bien\/"},"author":{"name":"admin","@id":"https:\/\/saraburguet.com\/fr\/#\/schema\/person\/e44a1944f6b3cc5494e6aa6a28a23ed2"},"headline":"Douleur 10 ans apr\u00e8s une chirurgie de fusion lombaire, que s&rsquo;est-il pass\u00e9 si j&rsquo;\u00e9tais bien ?","datePublished":"2025-04-16T09:39:52+00:00","dateModified":"2026-03-16T13:16:04+00:00","mainEntityOfPage":{"@id":"https:\/\/saraburguet.com\/fr\/douleur-10-ans-apres-une-chirurgie-de-fusion-lombaire-que-sest-il-passe-si-jetais-bien\/"},"wordCount":919,"publisher":{"@id":"https:\/\/saraburguet.com\/fr\/#\/schema\/person\/e44a1944f6b3cc5494e6aa6a28a23ed2"},"image":{"@id":"https:\/\/saraburguet.com\/fr\/douleur-10-ans-apres-une-chirurgie-de-fusion-lombaire-que-sest-il-passe-si-jetais-bien\/#primaryimage"},"thumbnailUrl":"https:\/\/saraburguet.com\/wp-content\/uploads\/2025\/04\/IMG_0324.png","keywords":["Abord lat\u00e9ral de la colonne","Chirurgie de la colonne vert\u00e9brale","Chirurgie de r\u00e9vision","Colonne lombaire","Lombalgie","Pr\u00e9vention","Sant\u00e9 de la colonne"],"articleSection":["Zone lombaire"],"inLanguage":"fr-FR"},{"@type":"WebPage","@id":"https:\/\/saraburguet.com\/fr\/douleur-10-ans-apres-une-chirurgie-de-fusion-lombaire-que-sest-il-passe-si-jetais-bien\/","url":"https:\/\/saraburguet.com\/fr\/douleur-10-ans-apres-une-chirurgie-de-fusion-lombaire-que-sest-il-passe-si-jetais-bien\/","name":"Douleur 10 ans apr\u00e8s une chirurgie de fusion lombaire, que s'est-il pass\u00e9 si j'\u00e9tais bien ? - Dr Sara Burguet. Chirurgie de la colonne vert\u00e9brale","isPartOf":{"@id":"https:\/\/saraburguet.com\/fr\/#website"},"primaryImageOfPage":{"@id":"https:\/\/saraburguet.com\/fr\/douleur-10-ans-apres-une-chirurgie-de-fusion-lombaire-que-sest-il-passe-si-jetais-bien\/#primaryimage"},"image":{"@id":"https:\/\/saraburguet.com\/fr\/douleur-10-ans-apres-une-chirurgie-de-fusion-lombaire-que-sest-il-passe-si-jetais-bien\/#primaryimage"},"thumbnailUrl":"https:\/\/saraburguet.com\/wp-content\/uploads\/2025\/04\/IMG_0324.png","datePublished":"2025-04-16T09:39:52+00:00","dateModified":"2026-03-16T13:16:04+00:00","breadcrumb":{"@id":"https:\/\/saraburguet.com\/fr\/douleur-10-ans-apres-une-chirurgie-de-fusion-lombaire-que-sest-il-passe-si-jetais-bien\/#breadcrumb"},"inLanguage":"fr-FR","potentialAction":[{"@type":"ReadAction","target":["https:\/\/saraburguet.com\/fr\/douleur-10-ans-apres-une-chirurgie-de-fusion-lombaire-que-sest-il-passe-si-jetais-bien\/"]}]},{"@type":"ImageObject","inLanguage":"fr-FR","@id":"https:\/\/saraburguet.com\/fr\/douleur-10-ans-apres-une-chirurgie-de-fusion-lombaire-que-sest-il-passe-si-jetais-bien\/#primaryimage","url":"https:\/\/saraburguet.com\/wp-content\/uploads\/2025\/04\/IMG_0324.png","contentUrl":"https:\/\/saraburguet.com\/wp-content\/uploads\/2025\/04\/IMG_0324.png","width":512,"height":512},{"@type":"BreadcrumbList","@id":"https:\/\/saraburguet.com\/fr\/douleur-10-ans-apres-une-chirurgie-de-fusion-lombaire-que-sest-il-passe-si-jetais-bien\/#breadcrumb","itemListElement":[{"@type":"ListItem","position":1,"name":"Accueil","item":"https:\/\/saraburguet.com\/fr\/accueil\/"},{"@type":"ListItem","position":2,"name":"Douleur 10 ans apr\u00e8s une chirurgie de fusion lombaire, que s&rsquo;est-il pass\u00e9 si j&rsquo;\u00e9tais bien ?"}]},{"@type":"WebSite","@id":"https:\/\/saraburguet.com\/fr\/#website","url":"https:\/\/saraburguet.com\/fr\/","name":"Dra. Sara Burguet. Cirug\u00eda de columna","description":"Chirurgie mini-invasive","publisher":{"@id":"https:\/\/saraburguet.com\/fr\/#\/schema\/person\/e44a1944f6b3cc5494e6aa6a28a23ed2"},"potentialAction":[{"@type":"SearchAction","target":{"@type":"EntryPoint","urlTemplate":"https:\/\/saraburguet.com\/fr\/?s={search_term_string}"},"query-input":{"@type":"PropertyValueSpecification","valueRequired":true,"valueName":"search_term_string"}}],"inLanguage":"fr-FR"},{"@type":["Person","Organization"],"@id":"https:\/\/saraburguet.com\/fr\/#\/schema\/person\/e44a1944f6b3cc5494e6aa6a28a23ed2","name":"admin","logo":{"@id":"https:\/\/saraburguet.com\/fr\/#\/schema\/person\/image\/"},"sameAs":["http:\/\/saraburguet.com"],"url":"https:\/\/saraburguet.com\/fr\/author\/admin\/"}]}},"jetpack_publicize_connections":[],"jetpack_featured_media_url":"https:\/\/saraburguet.com\/wp-content\/uploads\/2025\/04\/IMG_0324.png","jetpack_sharing_enabled":true,"_links":{"self":[{"href":"https:\/\/saraburguet.com\/fr\/wp-json\/wp\/v2\/posts\/227837","targetHints":{"allow":["GET"]}}],"collection":[{"href":"https:\/\/saraburguet.com\/fr\/wp-json\/wp\/v2\/posts"}],"about":[{"href":"https:\/\/saraburguet.com\/fr\/wp-json\/wp\/v2\/types\/post"}],"author":[{"embeddable":true,"href":"https:\/\/saraburguet.com\/fr\/wp-json\/wp\/v2\/users\/1"}],"replies":[{"embeddable":true,"href":"https:\/\/saraburguet.com\/fr\/wp-json\/wp\/v2\/comments?post=227837"}],"version-history":[{"count":1,"href":"https:\/\/saraburguet.com\/fr\/wp-json\/wp\/v2\/posts\/227837\/revisions"}],"predecessor-version":[{"id":227838,"href":"https:\/\/saraburguet.com\/fr\/wp-json\/wp\/v2\/posts\/227837\/revisions\/227838"}],"wp:featuredmedia":[{"embeddable":true,"href":"https:\/\/saraburguet.com\/fr\/wp-json\/wp\/v2\/media\/227832"}],"wp:attachment":[{"href":"https:\/\/saraburguet.com\/fr\/wp-json\/wp\/v2\/media?parent=227837"}],"wp:term":[{"taxonomy":"category","embeddable":true,"href":"https:\/\/saraburguet.com\/fr\/wp-json\/wp\/v2\/categories?post=227837"},{"taxonomy":"post_tag","embeddable":true,"href":"https:\/\/saraburguet.com\/fr\/wp-json\/wp\/v2\/tags?post=227837"}],"curies":[{"name":"wp","href":"https:\/\/api.w.org\/{rel}","templated":true}]}}