{"id":227828,"date":"2025-11-17T18:59:55","date_gmt":"2025-11-17T18:59:55","guid":{"rendered":"https:\/\/saraburguet.com\/est-ce-larthrose-est-ce-la-posture-decouvrez-comment-votre-systeme-nerveux-regit-la-douleur-cervicale-et-lombaire\/"},"modified":"2026-03-16T13:13:07","modified_gmt":"2026-03-16T13:13:07","slug":"est-ce-larthrose-est-ce-la-posture-decouvrez-comment-votre-systeme-nerveux-regit-la-douleur-cervicale-et-lombaire","status":"publish","type":"post","link":"https:\/\/saraburguet.com\/fr\/est-ce-larthrose-est-ce-la-posture-decouvrez-comment-votre-systeme-nerveux-regit-la-douleur-cervicale-et-lombaire\/","title":{"rendered":"Est-ce l\u2019arthrose ? Est-ce la posture ? D\u00e9couvrez comment votre syst\u00e8me nerveux r\u00e9git la douleur cervicale et lombaire."},"content":{"rendered":"\n<p>Ai-je un nerf coinc\u00e9 ? <\/p>\n\n<p>La sensation \u00e9lectrique ou de \u00ab zone bloqu\u00e9e \u00bb provoqu\u00e9e par les contractures musculaires peut nous faire croire \u00e0 une compression nerveuse. Nous allons chez le sp\u00e9cialiste, on nous demande une IRM et on nous dit qu\u2019il n\u2019y a aucun probl\u00e8me avec les nerfs de la colonne vert\u00e9brale et que les changements radiologiques observ\u00e9s sont normaux pour l\u2019\u00e2ge. Nous continuons avec le physioth\u00e9rapeute, nous commen\u00e7ons un entra\u00eenement cibl\u00e9 et la douleur est toujours l\u00e0.<\/p>\n\n<p>Serait-ce la posture ? <\/p>\n\n<p>La posture a une grande influence, surtout dans les travaux s\u00e9dentaires et si, avec l\u2019\u00e2ge, nous avons perdu de la masse musculaire (sarcop\u00e9nie) ou si nous ne sommes pas particuli\u00e8rement sportifs. <\/p>\n\n<p>Mais d\u2019autres facteurs peuvent-ils perp\u00e9tuer les contractures musculaires ?<\/p>\n\n<p class=\"has-white-background-color has-background has-medium-font-size\">La <strong>neuroscience<\/strong> actuelle nous le confirme : derri\u00e8re une <strong>douleur chronique<\/strong> cervicale ou lombaire, il peut y avoir un <strong>MAUVAIS FONCTIONNEMENT DU SYST\u00c8ME NERVEUX AUTONOME.<\/strong> <\/p>\n\n<p>Le syst\u00e8me nerveux autonome (SNA) r\u00e9gule les r\u00e9ponses INVOLONTAIRES du corps. C\u2019est le syst\u00e8me de \u00ab c\u00e2bles \u00bb qui connecte le cerveau au c\u0153ur, aux poumons, au syst\u00e8me digestif et aux muscles, et il se divise en deux branches qui travaillent de mani\u00e8re \u00e9quilibr\u00e9e :<\/p>\n\n<ul class=\"wp-block-list\">\n<li>le syst\u00e8me nerveux sympathique, qui est notre syst\u00e8me de \u00ab lutte ou de fuite \u00bb, pr\u00e9pare le corps \u00e0 l\u2019action, augmentant la fr\u00e9quence cardiaque, la pression art\u00e9rielle, produisant du glucose et tendant les muscles pour l\u2019action.<\/li>\n<\/ul>\n\n<ul class=\"wp-block-list\">\n<li>le syst\u00e8me nerveux parasympathique, qui favorise la relaxation, la r\u00e9cup\u00e9ration du corps, la r\u00e9paration des tissus et peut moduler la douleur, est notre syst\u00e8me de \u00ab repos et de r\u00e9cup\u00e9ration \u00bb.<\/li>\n<\/ul>\n\n<p class=\"has-light-green-cyan-background-color has-background\"><strong>Exemple pratique pour le comprendre<\/strong> : si je vois que je rate le bus, mon cerveau active le sympathique pour que mon c\u0153ur pompe plus vite, que je respire plus rapidement et qu\u2019il pr\u00e9pare mes muscles \u00e0 courir. Quand je monte dans le bus, cette sensation de soulagement et de relaxation que je ressens est mon cerveau qui a activ\u00e9 le parasympathique pour le retour \u00e0 la normale. <\/p>\n\n<p class=\"has-medium-font-size\">Et qu\u2019est-ce que cela a \u00e0 voir avec le mal de dos ?<\/p>\n\n<p>L\u2019hyperactivit\u00e9 du sympathique, par exemple dans une situation de <strong>stress, de peur ou d\u2019incertitude<\/strong>, provoque la perp\u00e9tuation de la douleur principalement par deux m\u00e9canismes :<\/p>\n\n<ul class=\"wp-block-list\">\n<li>Excitabilit\u00e9 des fibres nerveuses rendant le syst\u00e8me nerveux plus sensible \u00e0 la douleur. Les nerfs se comportent comme des \u00ab c\u00e2bles \u00bb dans le corps ; s\u2019ils travaillent constamment, ils restent comme connect\u00e9s en permanence et pr\u00eats \u00e0 transmettre des signaux de douleur de mani\u00e8re continue.<\/li>\n<\/ul>\n\n<ul class=\"wp-block-list\">\n<li>Un \u00e9tat pro-inflammatoire dans le corps, car l\u2019activation continue entra\u00eene une consommation d\u2019\u00e9nergie, et cette inflammation est responsable de la perp\u00e9tuation de la douleur, en plus de favoriser une baisse de l\u2019immunit\u00e9 et la pr\u00e9disposition aux maladies auto-immunes. <\/li>\n<\/ul>\n\n<p>Au contraire, l\u2019\u00e9quilibre du syst\u00e8me nerveux autonome module la capacit\u00e9 du cerveau \u00e0 contr\u00f4ler l\u2019intensit\u00e9 de la perception de la douleur. C\u2019est-\u00e0-dire que si le syst\u00e8me parasympathique fonctionne correctement et \u00e9quilibre le sympathique, les voies de la douleur sont plus modul\u00e9es et la r\u00e9ponse du patient aux traitements est g\u00e9n\u00e9ralement meilleure. <\/p>\n\n<p class=\"has-medium-font-size\">Quels autres sympt\u00f4mes sont associ\u00e9s \u00e0 un mauvais fonctionnement du syst\u00e8me autonome (*)?<\/p>\n\n<p>Nous avons des sympt\u00f4mes li\u00e9s au syst\u00e8me digestif (douleur d\u2019estomac, digestions lourdes, ballonnements abdominaux et gaz, sympt\u00f4mes du c\u00f4lon irritable) ; d\u2019autres li\u00e9s au cerveau (insomnie, brouillard mental, vertiges, sympt\u00f4mes de d\u00e9pression ou d\u2019anxi\u00e9t\u00e9). Nous pouvons ressentir de la tachycardie (due \u00e0 l\u2019activation du c\u0153ur qui est apr\u00e8s tout un muscle), ou de la fatigue chronique (due \u00e0 la fatigue musculaire caus\u00e9e par les contractures ou au manque de r\u00e9paration pendant le repos nocturne). <\/p>\n\n<p><em>(*) En aucun cas nous ne devons consid\u00e9rer ces sympt\u00f4mes comme directement d\u00e9riv\u00e9s du stress ou de la d\u00e9r\u00e9gulation autonome sans effectuer les \u00e9tudes pertinentes et \u00e9carter les maladies. <\/em><\/p>\n\n<p class=\"has-medium-font-size\">Comment puis-je activer mon syst\u00e8me parasympathique (**)?<\/p>\n\n<ul class=\"wp-block-list\">\n<li>riez et chantez (la vibration des cordes vocales active le nerf vague qui passe par le cou)<\/li>\n\n\n\n<li>\u00e9coutez la musique que vous aimez<\/li>\n\n\n\n<li>pratiquez des techniques de relaxation (yoga ou m\u00e9ditation)<\/li>\n\n\n\n<li>r\u00e9alisez des respirations contr\u00f4l\u00e9es et lentes comme dans la \u00ab respiration diaphragmatique \u00bb<\/li>\n\n\n\n<li>laissez du temps entre le d\u00eener et l\u2019heure du coucher<\/li>\n\n\n\n<li>faites des immersions dans l\u2019eau froide ou terminez la douche avec de l\u2019eau froide <\/li>\n\n\n\n<li>faites-vous des auto-massages au cou<\/li>\n<\/ul>\n\n<p><em>(*) Il s\u2019agit d\u2019une th\u00e9rapie adjuvante qui ne remplace ni l\u2019\u00e9valuation ni les traitements m\u00e9dicaux conventionnels.<\/em><\/p>\n","protected":false},"excerpt":{"rendered":"<p>Ai-je un nerf coinc\u00e9 ? La sensation \u00e9lectrique ou de \u00ab zone bloqu\u00e9e \u00bb provoqu\u00e9e par les contractures musculaires peut nous faire croire \u00e0 une compression nerveuse. Nous allons chez le sp\u00e9cialiste, on nous demande une IRM et on nous dit qu\u2019il n\u2019y a aucun probl\u00e8me avec les nerfs de la colonne vert\u00e9brale et que [&hellip;]<\/p>\n","protected":false},"author":1,"featured_media":227827,"comment_status":"closed","ping_status":"closed","sticky":false,"template":"","format":"standard","meta":{"_et_pb_use_builder":"off","_et_pb_old_content":"","_et_gb_content_width":"","_jetpack_memberships_contains_paid_content":false,"footnotes":"","jetpack_publicize_message":"","jetpack_publicize_feature_enabled":true,"jetpack_social_post_already_shared":true,"jetpack_social_options":{"image_generator_settings":{"template":"highway","default_image_id":0,"font":"","enabled":false},"version":2}},"categories":[158],"tags":[184,247,308,323,324,363,366],"class_list":["post-227828","post","type-post","status-publish","format-standard","has-post-thumbnail","hentry","category-ma-colonne","tag-cervicalgie","tag-douleur-chronique","tag-lombalgie-2","tag-nerf-vague","tag-neurosciences","tag-systeme-nerveux-autonome","tag-therapie-adjuvante"],"yoast_head":"<!-- This site is optimized with the Yoast SEO plugin v27.1.1 - https:\/\/yoast.com\/product\/yoast-seo-wordpress\/ -->\n<title>Est-ce l\u2019arthrose ? Est-ce la posture ? D\u00e9couvrez comment votre syst\u00e8me nerveux r\u00e9git la douleur cervicale et lombaire. - Dr Sara Burguet. Chirurgie de la colonne vert\u00e9brale<\/title>\n<meta name=\"robots\" content=\"index, follow, max-snippet:-1, max-image-preview:large, max-video-preview:-1\" \/>\n<link rel=\"canonical\" href=\"https:\/\/saraburguet.com\/fr\/est-ce-larthrose-est-ce-la-posture-decouvrez-comment-votre-systeme-nerveux-regit-la-douleur-cervicale-et-lombaire\/\" \/>\n<meta property=\"og:locale\" content=\"fr_FR\" \/>\n<meta property=\"og:type\" content=\"article\" \/>\n<meta property=\"og:title\" content=\"Est-ce l\u2019arthrose ? Est-ce la posture ? D\u00e9couvrez comment votre syst\u00e8me nerveux r\u00e9git la douleur cervicale et lombaire. - Dr Sara Burguet. Chirurgie de la colonne vert\u00e9brale\" \/>\n<meta property=\"og:description\" content=\"Ai-je un nerf coinc\u00e9 ? La sensation \u00e9lectrique ou de \u00ab zone bloqu\u00e9e \u00bb provoqu\u00e9e par les contractures musculaires peut nous faire croire \u00e0 une compression nerveuse. Nous allons chez le sp\u00e9cialiste, on nous demande une IRM et on nous dit qu\u2019il n\u2019y a aucun probl\u00e8me avec les nerfs de la colonne vert\u00e9brale et que [&hellip;]\" \/>\n<meta property=\"og:url\" content=\"https:\/\/saraburguet.com\/fr\/est-ce-larthrose-est-ce-la-posture-decouvrez-comment-votre-systeme-nerveux-regit-la-douleur-cervicale-et-lombaire\/\" \/>\n<meta property=\"og:site_name\" content=\"Dr Sara Burguet. Chirurgie de la colonne vert\u00e9brale\" \/>\n<meta property=\"article:published_time\" content=\"2025-11-17T18:59:55+00:00\" \/>\n<meta property=\"article:modified_time\" content=\"2026-03-16T13:13:07+00:00\" \/>\n<meta property=\"og:image\" content=\"https:\/\/saraburguet.com\/wp-content\/uploads\/2025\/11\/IMG_3053.jpg\" \/>\n\t<meta property=\"og:image:width\" content=\"1024\" \/>\n\t<meta property=\"og:image:height\" content=\"1024\" \/>\n\t<meta property=\"og:image:type\" content=\"image\/jpeg\" \/>\n<meta name=\"author\" content=\"admin\" \/>\n<meta name=\"twitter:card\" content=\"summary_large_image\" \/>\n<meta name=\"twitter:label1\" content=\"\u00c9crit par\" \/>\n\t<meta name=\"twitter:data1\" content=\"admin\" \/>\n\t<meta name=\"twitter:label2\" content=\"Dur\u00e9e de lecture estim\u00e9e\" \/>\n\t<meta name=\"twitter:data2\" content=\"4 minutes\" \/>\n<script type=\"application\/ld+json\" class=\"yoast-schema-graph\">{\"@context\":\"https:\/\/schema.org\",\"@graph\":[{\"@type\":\"Article\",\"@id\":\"https:\/\/saraburguet.com\/fr\/est-ce-larthrose-est-ce-la-posture-decouvrez-comment-votre-systeme-nerveux-regit-la-douleur-cervicale-et-lombaire\/#article\",\"isPartOf\":{\"@id\":\"https:\/\/saraburguet.com\/fr\/est-ce-larthrose-est-ce-la-posture-decouvrez-comment-votre-systeme-nerveux-regit-la-douleur-cervicale-et-lombaire\/\"},\"author\":{\"name\":\"admin\",\"@id\":\"https:\/\/saraburguet.com\/fr\/#\/schema\/person\/e44a1944f6b3cc5494e6aa6a28a23ed2\"},\"headline\":\"Est-ce l\u2019arthrose ? Est-ce la posture ? D\u00e9couvrez comment votre syst\u00e8me nerveux r\u00e9git la douleur cervicale et lombaire.\",\"datePublished\":\"2025-11-17T18:59:55+00:00\",\"dateModified\":\"2026-03-16T13:13:07+00:00\",\"mainEntityOfPage\":{\"@id\":\"https:\/\/saraburguet.com\/fr\/est-ce-larthrose-est-ce-la-posture-decouvrez-comment-votre-systeme-nerveux-regit-la-douleur-cervicale-et-lombaire\/\"},\"wordCount\":811,\"publisher\":{\"@id\":\"https:\/\/saraburguet.com\/fr\/#\/schema\/person\/e44a1944f6b3cc5494e6aa6a28a23ed2\"},\"image\":{\"@id\":\"https:\/\/saraburguet.com\/fr\/est-ce-larthrose-est-ce-la-posture-decouvrez-comment-votre-systeme-nerveux-regit-la-douleur-cervicale-et-lombaire\/#primaryimage\"},\"thumbnailUrl\":\"https:\/\/saraburguet.com\/wp-content\/uploads\/2025\/11\/IMG_3053.jpg\",\"keywords\":[\"Cervicalgie\",\"Douleur chronique\",\"Lombalgie\",\"Nerf vague\",\"Neurosciences\",\"Syst\u00e8me nerveux autonome\",\"Th\u00e9rapie adjuvante\"],\"articleSection\":[\"Ma colonne\"],\"inLanguage\":\"fr-FR\"},{\"@type\":\"WebPage\",\"@id\":\"https:\/\/saraburguet.com\/fr\/est-ce-larthrose-est-ce-la-posture-decouvrez-comment-votre-systeme-nerveux-regit-la-douleur-cervicale-et-lombaire\/\",\"url\":\"https:\/\/saraburguet.com\/fr\/est-ce-larthrose-est-ce-la-posture-decouvrez-comment-votre-systeme-nerveux-regit-la-douleur-cervicale-et-lombaire\/\",\"name\":\"Est-ce l\u2019arthrose ? Est-ce la posture ? D\u00e9couvrez comment votre syst\u00e8me nerveux r\u00e9git la douleur cervicale et lombaire. - Dr Sara Burguet. Chirurgie de la colonne vert\u00e9brale\",\"isPartOf\":{\"@id\":\"https:\/\/saraburguet.com\/fr\/#website\"},\"primaryImageOfPage\":{\"@id\":\"https:\/\/saraburguet.com\/fr\/est-ce-larthrose-est-ce-la-posture-decouvrez-comment-votre-systeme-nerveux-regit-la-douleur-cervicale-et-lombaire\/#primaryimage\"},\"image\":{\"@id\":\"https:\/\/saraburguet.com\/fr\/est-ce-larthrose-est-ce-la-posture-decouvrez-comment-votre-systeme-nerveux-regit-la-douleur-cervicale-et-lombaire\/#primaryimage\"},\"thumbnailUrl\":\"https:\/\/saraburguet.com\/wp-content\/uploads\/2025\/11\/IMG_3053.jpg\",\"datePublished\":\"2025-11-17T18:59:55+00:00\",\"dateModified\":\"2026-03-16T13:13:07+00:00\",\"breadcrumb\":{\"@id\":\"https:\/\/saraburguet.com\/fr\/est-ce-larthrose-est-ce-la-posture-decouvrez-comment-votre-systeme-nerveux-regit-la-douleur-cervicale-et-lombaire\/#breadcrumb\"},\"inLanguage\":\"fr-FR\",\"potentialAction\":[{\"@type\":\"ReadAction\",\"target\":[\"https:\/\/saraburguet.com\/fr\/est-ce-larthrose-est-ce-la-posture-decouvrez-comment-votre-systeme-nerveux-regit-la-douleur-cervicale-et-lombaire\/\"]}]},{\"@type\":\"ImageObject\",\"inLanguage\":\"fr-FR\",\"@id\":\"https:\/\/saraburguet.com\/fr\/est-ce-larthrose-est-ce-la-posture-decouvrez-comment-votre-systeme-nerveux-regit-la-douleur-cervicale-et-lombaire\/#primaryimage\",\"url\":\"https:\/\/saraburguet.com\/wp-content\/uploads\/2025\/11\/IMG_3053.jpg\",\"contentUrl\":\"https:\/\/saraburguet.com\/wp-content\/uploads\/2025\/11\/IMG_3053.jpg\",\"width\":1024,\"height\":1024},{\"@type\":\"BreadcrumbList\",\"@id\":\"https:\/\/saraburguet.com\/fr\/est-ce-larthrose-est-ce-la-posture-decouvrez-comment-votre-systeme-nerveux-regit-la-douleur-cervicale-et-lombaire\/#breadcrumb\",\"itemListElement\":[{\"@type\":\"ListItem\",\"position\":1,\"name\":\"Accueil\",\"item\":\"https:\/\/saraburguet.com\/fr\/accueil\/\"},{\"@type\":\"ListItem\",\"position\":2,\"name\":\"Est-ce l\u2019arthrose ? Est-ce la posture ? D\u00e9couvrez comment votre syst\u00e8me nerveux r\u00e9git la douleur cervicale et lombaire.\"}]},{\"@type\":\"WebSite\",\"@id\":\"https:\/\/saraburguet.com\/fr\/#website\",\"url\":\"https:\/\/saraburguet.com\/fr\/\",\"name\":\"Dra. Sara Burguet. Cirug\u00eda de columna\",\"description\":\"Chirurgie mini-invasive\",\"publisher\":{\"@id\":\"https:\/\/saraburguet.com\/fr\/#\/schema\/person\/e44a1944f6b3cc5494e6aa6a28a23ed2\"},\"potentialAction\":[{\"@type\":\"SearchAction\",\"target\":{\"@type\":\"EntryPoint\",\"urlTemplate\":\"https:\/\/saraburguet.com\/fr\/?s={search_term_string}\"},\"query-input\":{\"@type\":\"PropertyValueSpecification\",\"valueRequired\":true,\"valueName\":\"search_term_string\"}}],\"inLanguage\":\"fr-FR\"},{\"@type\":[\"Person\",\"Organization\"],\"@id\":\"https:\/\/saraburguet.com\/fr\/#\/schema\/person\/e44a1944f6b3cc5494e6aa6a28a23ed2\",\"name\":\"admin\",\"logo\":{\"@id\":\"https:\/\/saraburguet.com\/fr\/#\/schema\/person\/image\/\"},\"sameAs\":[\"http:\/\/saraburguet.com\"],\"url\":\"https:\/\/saraburguet.com\/fr\/author\/admin\/\"}]}<\/script>\n<!-- \/ Yoast SEO plugin. -->","yoast_head_json":{"title":"Est-ce l\u2019arthrose ? Est-ce la posture ? D\u00e9couvrez comment votre syst\u00e8me nerveux r\u00e9git la douleur cervicale et lombaire. - Dr Sara Burguet. Chirurgie de la colonne vert\u00e9brale","robots":{"index":"index","follow":"follow","max-snippet":"max-snippet:-1","max-image-preview":"max-image-preview:large","max-video-preview":"max-video-preview:-1"},"canonical":"https:\/\/saraburguet.com\/fr\/est-ce-larthrose-est-ce-la-posture-decouvrez-comment-votre-systeme-nerveux-regit-la-douleur-cervicale-et-lombaire\/","og_locale":"fr_FR","og_type":"article","og_title":"Est-ce l\u2019arthrose ? Est-ce la posture ? D\u00e9couvrez comment votre syst\u00e8me nerveux r\u00e9git la douleur cervicale et lombaire. - Dr Sara Burguet. Chirurgie de la colonne vert\u00e9brale","og_description":"Ai-je un nerf coinc\u00e9 ? La sensation \u00e9lectrique ou de \u00ab zone bloqu\u00e9e \u00bb provoqu\u00e9e par les contractures musculaires peut nous faire croire \u00e0 une compression nerveuse. Nous allons chez le sp\u00e9cialiste, on nous demande une IRM et on nous dit qu\u2019il n\u2019y a aucun probl\u00e8me avec les nerfs de la colonne vert\u00e9brale et que [&hellip;]","og_url":"https:\/\/saraburguet.com\/fr\/est-ce-larthrose-est-ce-la-posture-decouvrez-comment-votre-systeme-nerveux-regit-la-douleur-cervicale-et-lombaire\/","og_site_name":"Dr Sara Burguet. Chirurgie de la colonne vert\u00e9brale","article_published_time":"2025-11-17T18:59:55+00:00","article_modified_time":"2026-03-16T13:13:07+00:00","og_image":[{"width":1024,"height":1024,"url":"https:\/\/saraburguet.com\/wp-content\/uploads\/2025\/11\/IMG_3053.jpg","type":"image\/jpeg"}],"author":"admin","twitter_card":"summary_large_image","twitter_misc":{"\u00c9crit par":"admin","Dur\u00e9e de lecture estim\u00e9e":"4 minutes"},"schema":{"@context":"https:\/\/schema.org","@graph":[{"@type":"Article","@id":"https:\/\/saraburguet.com\/fr\/est-ce-larthrose-est-ce-la-posture-decouvrez-comment-votre-systeme-nerveux-regit-la-douleur-cervicale-et-lombaire\/#article","isPartOf":{"@id":"https:\/\/saraburguet.com\/fr\/est-ce-larthrose-est-ce-la-posture-decouvrez-comment-votre-systeme-nerveux-regit-la-douleur-cervicale-et-lombaire\/"},"author":{"name":"admin","@id":"https:\/\/saraburguet.com\/fr\/#\/schema\/person\/e44a1944f6b3cc5494e6aa6a28a23ed2"},"headline":"Est-ce l\u2019arthrose ? Est-ce la posture ? D\u00e9couvrez comment votre syst\u00e8me nerveux r\u00e9git la douleur cervicale et lombaire.","datePublished":"2025-11-17T18:59:55+00:00","dateModified":"2026-03-16T13:13:07+00:00","mainEntityOfPage":{"@id":"https:\/\/saraburguet.com\/fr\/est-ce-larthrose-est-ce-la-posture-decouvrez-comment-votre-systeme-nerveux-regit-la-douleur-cervicale-et-lombaire\/"},"wordCount":811,"publisher":{"@id":"https:\/\/saraburguet.com\/fr\/#\/schema\/person\/e44a1944f6b3cc5494e6aa6a28a23ed2"},"image":{"@id":"https:\/\/saraburguet.com\/fr\/est-ce-larthrose-est-ce-la-posture-decouvrez-comment-votre-systeme-nerveux-regit-la-douleur-cervicale-et-lombaire\/#primaryimage"},"thumbnailUrl":"https:\/\/saraburguet.com\/wp-content\/uploads\/2025\/11\/IMG_3053.jpg","keywords":["Cervicalgie","Douleur chronique","Lombalgie","Nerf vague","Neurosciences","Syst\u00e8me nerveux autonome","Th\u00e9rapie adjuvante"],"articleSection":["Ma colonne"],"inLanguage":"fr-FR"},{"@type":"WebPage","@id":"https:\/\/saraburguet.com\/fr\/est-ce-larthrose-est-ce-la-posture-decouvrez-comment-votre-systeme-nerveux-regit-la-douleur-cervicale-et-lombaire\/","url":"https:\/\/saraburguet.com\/fr\/est-ce-larthrose-est-ce-la-posture-decouvrez-comment-votre-systeme-nerveux-regit-la-douleur-cervicale-et-lombaire\/","name":"Est-ce l\u2019arthrose ? Est-ce la posture ? D\u00e9couvrez comment votre syst\u00e8me nerveux r\u00e9git la douleur cervicale et lombaire. - Dr Sara Burguet. Chirurgie de la colonne vert\u00e9brale","isPartOf":{"@id":"https:\/\/saraburguet.com\/fr\/#website"},"primaryImageOfPage":{"@id":"https:\/\/saraburguet.com\/fr\/est-ce-larthrose-est-ce-la-posture-decouvrez-comment-votre-systeme-nerveux-regit-la-douleur-cervicale-et-lombaire\/#primaryimage"},"image":{"@id":"https:\/\/saraburguet.com\/fr\/est-ce-larthrose-est-ce-la-posture-decouvrez-comment-votre-systeme-nerveux-regit-la-douleur-cervicale-et-lombaire\/#primaryimage"},"thumbnailUrl":"https:\/\/saraburguet.com\/wp-content\/uploads\/2025\/11\/IMG_3053.jpg","datePublished":"2025-11-17T18:59:55+00:00","dateModified":"2026-03-16T13:13:07+00:00","breadcrumb":{"@id":"https:\/\/saraburguet.com\/fr\/est-ce-larthrose-est-ce-la-posture-decouvrez-comment-votre-systeme-nerveux-regit-la-douleur-cervicale-et-lombaire\/#breadcrumb"},"inLanguage":"fr-FR","potentialAction":[{"@type":"ReadAction","target":["https:\/\/saraburguet.com\/fr\/est-ce-larthrose-est-ce-la-posture-decouvrez-comment-votre-systeme-nerveux-regit-la-douleur-cervicale-et-lombaire\/"]}]},{"@type":"ImageObject","inLanguage":"fr-FR","@id":"https:\/\/saraburguet.com\/fr\/est-ce-larthrose-est-ce-la-posture-decouvrez-comment-votre-systeme-nerveux-regit-la-douleur-cervicale-et-lombaire\/#primaryimage","url":"https:\/\/saraburguet.com\/wp-content\/uploads\/2025\/11\/IMG_3053.jpg","contentUrl":"https:\/\/saraburguet.com\/wp-content\/uploads\/2025\/11\/IMG_3053.jpg","width":1024,"height":1024},{"@type":"BreadcrumbList","@id":"https:\/\/saraburguet.com\/fr\/est-ce-larthrose-est-ce-la-posture-decouvrez-comment-votre-systeme-nerveux-regit-la-douleur-cervicale-et-lombaire\/#breadcrumb","itemListElement":[{"@type":"ListItem","position":1,"name":"Accueil","item":"https:\/\/saraburguet.com\/fr\/accueil\/"},{"@type":"ListItem","position":2,"name":"Est-ce l\u2019arthrose ? Est-ce la posture ? D\u00e9couvrez comment votre syst\u00e8me nerveux r\u00e9git la douleur cervicale et lombaire."}]},{"@type":"WebSite","@id":"https:\/\/saraburguet.com\/fr\/#website","url":"https:\/\/saraburguet.com\/fr\/","name":"Dra. Sara Burguet. Cirug\u00eda de columna","description":"Chirurgie mini-invasive","publisher":{"@id":"https:\/\/saraburguet.com\/fr\/#\/schema\/person\/e44a1944f6b3cc5494e6aa6a28a23ed2"},"potentialAction":[{"@type":"SearchAction","target":{"@type":"EntryPoint","urlTemplate":"https:\/\/saraburguet.com\/fr\/?s={search_term_string}"},"query-input":{"@type":"PropertyValueSpecification","valueRequired":true,"valueName":"search_term_string"}}],"inLanguage":"fr-FR"},{"@type":["Person","Organization"],"@id":"https:\/\/saraburguet.com\/fr\/#\/schema\/person\/e44a1944f6b3cc5494e6aa6a28a23ed2","name":"admin","logo":{"@id":"https:\/\/saraburguet.com\/fr\/#\/schema\/person\/image\/"},"sameAs":["http:\/\/saraburguet.com"],"url":"https:\/\/saraburguet.com\/fr\/author\/admin\/"}]}},"jetpack_publicize_connections":[],"jetpack_featured_media_url":"https:\/\/saraburguet.com\/wp-content\/uploads\/2025\/11\/IMG_3053.jpg","jetpack_sharing_enabled":true,"_links":{"self":[{"href":"https:\/\/saraburguet.com\/fr\/wp-json\/wp\/v2\/posts\/227828","targetHints":{"allow":["GET"]}}],"collection":[{"href":"https:\/\/saraburguet.com\/fr\/wp-json\/wp\/v2\/posts"}],"about":[{"href":"https:\/\/saraburguet.com\/fr\/wp-json\/wp\/v2\/types\/post"}],"author":[{"embeddable":true,"href":"https:\/\/saraburguet.com\/fr\/wp-json\/wp\/v2\/users\/1"}],"replies":[{"embeddable":true,"href":"https:\/\/saraburguet.com\/fr\/wp-json\/wp\/v2\/comments?post=227828"}],"version-history":[{"count":1,"href":"https:\/\/saraburguet.com\/fr\/wp-json\/wp\/v2\/posts\/227828\/revisions"}],"predecessor-version":[{"id":227829,"href":"https:\/\/saraburguet.com\/fr\/wp-json\/wp\/v2\/posts\/227828\/revisions\/227829"}],"wp:featuredmedia":[{"embeddable":true,"href":"https:\/\/saraburguet.com\/fr\/wp-json\/wp\/v2\/media\/227827"}],"wp:attachment":[{"href":"https:\/\/saraburguet.com\/fr\/wp-json\/wp\/v2\/media?parent=227828"}],"wp:term":[{"taxonomy":"category","embeddable":true,"href":"https:\/\/saraburguet.com\/fr\/wp-json\/wp\/v2\/categories?post=227828"},{"taxonomy":"post_tag","embeddable":true,"href":"https:\/\/saraburguet.com\/fr\/wp-json\/wp\/v2\/tags?post=227828"}],"curies":[{"name":"wp","href":"https:\/\/api.w.org\/{rel}","templated":true}]}}